{"id":89,"date":"2020-06-08T09:23:28","date_gmt":"2020-06-08T07:23:28","guid":{"rendered":"https:\/\/www.gruene-reinheim.de\/?p=89"},"modified":"2021-02-22T09:26:35","modified_gmt":"2021-02-22T08:26:35","slug":"kommunalpolitik-in-zeiten-von-corona","status":"publish","type":"post","link":"https:\/\/www.gruene-reinheim.de\/?p=89","title":{"rendered":"Kommunalpolitik in Zeiten von Corona"},"content":{"rendered":"\n<p><\/p>\n\n\n\n<p>Viele Menschen k\u00f6nnen oder wollen das\nWort \u201eCorona\u201c nicht mehr h\u00f6ren oder sehen. Trotzdem ist und\nbleibt der verantwortungsvolle und angemessene Umgang damit wichtig.\nDabei geht es aber auch darum, Konsequenzen zu ziehen, die Krise und\ndie  aktuelle Situation zu nutzen, um positive Ver\u00e4nderungen\nvoranzubringen. Und das nicht nur in Bezug auf das Gesundheitswesen.<\/p>\n\n\n\n<p>Ver\u00e4nderungen, die nicht nur\npolitische, sondern auch Entscheidungen jedes einzelnen Menschen\nerfordern. Auch wenn es auf den ersten Blick wie eine Einschr\u00e4nkung\nerscheinen mag, m\u00fcssen wir alle uns fragen, ob der ungebremste\nKonsum und die Idealisierung des Wirtschaftswachstums und die damit\nverbundenen Probleme f\u00fcr Umwelt und Klima das ist, was wir alle\nwollen. Auch in der Kommunalpolitik m\u00fcssen die Weichen neu gestellt\nwerden. Nachdem die kommunalpolitische Basisarbeit zur Zeit\n\u00f6ffentlich nicht mehr stattfindet, arbeiten die Reinheimer GR\u00dcNEN\nim Hintergrund an Konzepten. Mehr und mehr wird klar, und das ist\nauch der Coronakrise geschuldet, dass an erster Stelle Umwelt und\nNatur stehen und der Mensch sich dem\u00fctig unterordnen muss.\nPragmatisch hei\u00dft das, dass wir hier vor Ort die Anstrengungen\nintensivieren, unter Anderem die Verkehrswende voranzubringen. Es\nwird nicht reichen, die obere Darmst\u00e4dter-Stra\u00dfe im Sinne eines\nShared-space-Konzeptes umzugestalten. Wir GR\u00dcNE wollen, dass sich\ndie Mobilit\u00e4t der Menschen grunds\u00e4tzlich an Klima- Umwelt- und\nNaturschutz orientiert und nicht umgekehrt. Beim \u00d6PNV gibt es\njedenfalls noch Luft nach oben was Taktung und fl\u00e4chendeckende\nVersorgung angeht. Ein nachhaltig sinnvoller Baustein im Sinne der\nindividuellen Mobilit\u00e4t kann Car-Sharing sein. Das k\u00f6nnte\ninsbesondere im l\u00e4ndlichen Raum Bedeutung haben, weil gerade hier\ndie Versorgung, zumindest kurzfristig gesehen, \u00fcber den  \u00d6PNV noch\nl\u00fcckenhaft sein wird. Intelligente L\u00f6sungen sollten aber den\nmotorisierten Individualverkehr soweit wie m\u00f6glich reduzieren. Nicht\nzu vergessen ist in diesem Zusammenhang die Verbesserung der\nAttraktivit\u00e4t unserer Stadt  f\u00fcr Radfahrer und Fu\u00dfg\u00e4nger. \n<\/p>\n\n\n\n<p>Diese und andere Themen wurden in einem\nTreffen der Reinheimer GR\u00dcNEN mit \u201eAbstand\u201c und unter freiem\nHimmel nach Monaten der Abstinenz er\u00f6rtert.<\/p>\n\n\n\n<p>Zur Sprache kam auch wieder die\nUmwandlung des Reinheimer Waldes in einen Naturwald. Dazu soll die\nExpertise des Revierf\u00f6rsters eingeholt werden. Der Planungsstand des\nB\u00fcrgerhauses in  Georgenhausen mit Photovoltaikanlage war ebenso\nThema wie die allgemeine gr\u00fcne Forderung nach Solaranlagen auf\nst\u00e4dtischen Geb\u00e4uden, wie im Koalitionsvertrag mit der SPD\nfestgeschrieben. Bei der Planung und Umsetzung der neuen Kita am\nGockert in Georgenhausen muss das unbedingt ber\u00fccksichtigt werden.\nDie GR\u00dcNEN hatten schon vor fast 2 Jahren ein Konzept unter\nEinbeziehung alternativer Wohn-und Nutzungsformen f\u00fcr die Bebauung\nim Bereich von Reinheim Nordwest gefordert. Der vorliegende\nvorl\u00e4ufige Planungsentwurf l\u00e4sst noch Fragen und W\u00fcnsche offen.<\/p>\n\n\n\n<p>Um die Kontinuit\u00e4t gr\u00fcner\nKommunalpolitik zu gew\u00e4hrleisten, und das besonders im Hinblick auf\ndie Kommunalwahlen im kommenden Fr\u00fchjahr, brauchen wir Reinheimer\nGR\u00dcNE eine Runderneuerung. Das Alter macht sich bei einigen von uns\nbemerkbar und es f\u00e4llt zunehmend schwer den Anforderungen des\nkommunalpolitischen Alltags gerecht zu werden. Dabei haben die\nReinheimer GR\u00dcNEN in der Vergangenheit, Einiges an Erfolgen\nvorzuweisen, besonders in den letzten 14 Jahren, in denen sie in der\nKoalition die Geschicke Reinheims mitgestalten konnten. Als Beispiele\nseien der Ansto\u00df zur Gr\u00fcndung und Anschubfinanzierung des\nKindersozialfonds, die Einstellung eines Sozialarbeiters f\u00fcr\nStreetworking, also zugehende Sozialarbeit, die Initiative Solar- und\nPhotovoltaikanlagen auf kommunalen Geb\u00e4uden, der komplett\nbeitragsfreie Kindergarten und der schon erw\u00e4hnte Beitrag zur\nVerkehrswende im Sinne von \u201eshared space\u201c in der Darmst\u00e4dter\nStra\u00dfe genannt. Insgesamt tr\u00e4gt der Koalitionsvertrag mit den\nSozialdemokraten eine deutliche gr\u00fcne Handschrift. Dass die\nReinheimer Haushalte in den vergangenen Jahre solide finanziert und\nimmer ausgeglichen waren, war mit ein Verdienst der Reinheimer\nGR\u00dcNEN. \n<\/p>\n\n\n\n<p>Damit das \u201egr\u00fcne Licht\u201c in\nReinheim nicht erlischt sondern weiter leuchten kann hier die\neindringliche Bitte an unsere Sympathisanten und W\u00e4hler: macht mit,\nunterst\u00fctzt uns aktiv, kandidiert auf der GR\u00dcNEN Liste f\u00fcr die\nKommunalwahl 2021.<\/p>\n\n\n\n<p>Kontakt: fon 06162-5752, mail\ninfo@gruene-reinheim.de<\/p>\n","protected":false},"excerpt":{"rendered":"<p>Viele Menschen k\u00f6nnen oder wollen das Wort \u201eCorona\u201c nicht mehr h\u00f6ren oder sehen. Trotzdem ist und bleibt der verantwortungsvolle und angemessene Umgang damit wichtig. Dabei geht es aber auch darum, [&hellip;]<\/p>\n","protected":false},"author":-1,"featured_media":0,"comment_status":"open","ping_status":"open","sticky":false,"template":"","format":"standard","meta":{"footnotes":""},"categories":[14],"tags":[],"class_list":["post-89","post","type-post","status-publish","format-standard","hentry","category-corona"],"_links":{"self":[{"href":"https:\/\/www.gruene-reinheim.de\/index.php?rest_route=\/wp\/v2\/posts\/89","targetHints":{"allow":["GET"]}}],"collection":[{"href":"https:\/\/www.gruene-reinheim.de\/index.php?rest_route=\/wp\/v2\/posts"}],"about":[{"href":"https:\/\/www.gruene-reinheim.de\/index.php?rest_route=\/wp\/v2\/types\/post"}],"author":[{"embeddable":true,"href":"https:\/\/www.gruene-reinheim.de\/index.php?rest_route=\/wp\/v2\/users\/3"}],"replies":[{"embeddable":true,"href":"https:\/\/www.gruene-reinheim.de\/index.php?rest_route=%2Fwp%2Fv2%2Fcomments&post=89"}],"version-history":[{"count":1,"href":"https:\/\/www.gruene-reinheim.de\/index.php?rest_route=\/wp\/v2\/posts\/89\/revisions"}],"predecessor-version":[{"id":90,"href":"https:\/\/www.gruene-reinheim.de\/index.php?rest_route=\/wp\/v2\/posts\/89\/revisions\/90"}],"wp:attachment":[{"href":"https:\/\/www.gruene-reinheim.de\/index.php?rest_route=%2Fwp%2Fv2%2Fmedia&parent=89"}],"wp:term":[{"taxonomy":"category","embeddable":true,"href":"https:\/\/www.gruene-reinheim.de\/index.php?rest_route=%2Fwp%2Fv2%2Fcategories&post=89"},{"taxonomy":"post_tag","embeddable":true,"href":"https:\/\/www.gruene-reinheim.de\/index.php?rest_route=%2Fwp%2Fv2%2Ftags&post=89"}],"curies":[{"name":"wp","href":"https:\/\/api.w.org\/{rel}","templated":true}]}}