{"id":85,"date":"2020-04-17T15:41:49","date_gmt":"2020-04-17T13:41:49","guid":{"rendered":"https:\/\/www.gruene-reinheim.de\/?p=85"},"modified":"2021-02-22T09:26:43","modified_gmt":"2021-02-22T08:26:43","slug":"corona-und-die-folgen","status":"publish","type":"post","link":"https:\/\/www.gruene-reinheim.de\/?p=85","title":{"rendered":"Corona und die Folgen"},"content":{"rendered":"\n<p><\/p>\n\n\n\n<p>&#8222;Die meisten Menschen werden nach der Corona-Krise erstmal \u00e4rmer sein&#8220;, Winfried Kretschmann, gr\u00fcner Ministerpr\u00e4sident in Baden-W\u00fcrttemberg. Auch wenn in den n\u00e4chsten Wochen die Einschr\u00e4nkungen aufgrund der Corona-Pandemie schritt\u00adweise weiter aufgehoben werden sollten, begleiten uns die Folgen auch in der Kommunalpolitik noch lange. Die Finanzen der Kommune werden angespannt sein und wir m\u00fcssen uns dann fragen, was wir uns noch leisten k\u00f6nnen oder wollen. Schon vor der Krise war der Reinheimer Haushaltsplan knapp kalkuliert und l\u00e4sst nicht viel Spielraum f\u00fcr \u201eSonderw\u00fcnsche\u201c. Ob und welche Kosten auf die Kommune durch Corona zukommen, ist noch nicht ausgemacht.<\/p>\n\n\n\n<p>Die\nReinheimer GR\u00dcNEN hatten ja schon darauf hingewiesen (siehe\nReinheimer GR\u00dcNE zu Corona), dass die Gesundheitsvorsorge in den\nBlick genommen werden muss und nicht dem \u201aMarkt\u2018 \u00fcberlassen\nwerden darf.  Umweltbelastungen haben bei den Menschen\ngesundheitliche Sch\u00e4den verursacht und die Abwehrkr\u00e4fte vieler\nMenschen geschw\u00e4cht. Auch wenn der derzeitige \u201aShutdown\u2018, viele\nBelastungen reduziert hat &#8211; man denke nur an Flugl\u00e4rm und\nCO2-Belastung &#8211; es kann nach Aufhebung der Einschr\u00e4nkungen nicht\neinfach \u201eweiter so, wie fr\u00fcher\u201c hei\u00dfen. Die aktuelle Krise\nbietet also bei allen Problemen, die Chance f\u00fcr einen Neuanfang, zum\nBeispiel durch Regulierung des Flugverkehrs, die Beschleunigung der\nVerkehrswende, Kohleausstieg, Natur- und Klimaschutz, u.a.m.\nAndererseits sehen wir aber durchaus die Gefahr, dass wegen der\nimmensen Ausgaben im Zusammenhang mit Corona, wichtige Umwelt- und\nKlimaschutzma\u00dfnahmen auch im kommunalen Bereich zumindest \u201eauf Eis\ngelegt\u201c werden, mit unabsehbaren Folgen.<\/p>\n\n\n\n<p>Auf\nkommunaler Ebene m\u00fcssen wir gemeinsam \u00fcberlegen, wie es weitergehen\nsoll. Daf\u00fcr stehen die GR\u00dcNEN bereit. Daf\u00fcr wollen wir aber auch\nmehr B\u00fcrger*innen in die Entscheidungen einbinden. Dies sollte zum\neinen durch verbesserte Beteiligungsformate, z.B. B\u00fcrgergespr\u00e4che\noder online-Angebote und zum anderen durch verst\u00e4rktes Engagement\nder Menschen in der Kommunalpolitik erfolgen. Wir rufen deshalb die\nB\u00fcrger*innen auf, politisch aktiv zu werden und sich bei der\nKommunalwahl 2021 mit ihren Ideen einzubringen, vielleicht auch f\u00fcr\ndas Stadtparlament zu kandidieren. Je st\u00e4rker und zahlreicher die\nGR\u00dcNEN sind, um so eher k\u00f6nnen gr\u00fcne Inhalte umgesetzt werden.<\/p>\n","protected":false},"excerpt":{"rendered":"<p>&#8222;Die meisten Menschen werden nach der Corona-Krise erstmal \u00e4rmer sein&#8220;, Winfried Kretschmann, gr\u00fcner Ministerpr\u00e4sident in Baden-W\u00fcrttemberg. Auch wenn in den n\u00e4chsten Wochen die Einschr\u00e4nkungen aufgrund der Corona-Pandemie schritt\u00adweise weiter aufgehoben [&hellip;]<\/p>\n","protected":false},"author":-1,"featured_media":0,"comment_status":"open","ping_status":"open","sticky":false,"template":"","format":"standard","meta":{"footnotes":""},"categories":[14],"tags":[],"class_list":["post-85","post","type-post","status-publish","format-standard","hentry","category-corona"],"_links":{"self":[{"href":"https:\/\/www.gruene-reinheim.de\/index.php?rest_route=\/wp\/v2\/posts\/85","targetHints":{"allow":["GET"]}}],"collection":[{"href":"https:\/\/www.gruene-reinheim.de\/index.php?rest_route=\/wp\/v2\/posts"}],"about":[{"href":"https:\/\/www.gruene-reinheim.de\/index.php?rest_route=\/wp\/v2\/types\/post"}],"author":[{"embeddable":true,"href":"https:\/\/www.gruene-reinheim.de\/index.php?rest_route=\/wp\/v2\/users\/3"}],"replies":[{"embeddable":true,"href":"https:\/\/www.gruene-reinheim.de\/index.php?rest_route=%2Fwp%2Fv2%2Fcomments&post=85"}],"version-history":[{"count":2,"href":"https:\/\/www.gruene-reinheim.de\/index.php?rest_route=\/wp\/v2\/posts\/85\/revisions"}],"predecessor-version":[{"id":87,"href":"https:\/\/www.gruene-reinheim.de\/index.php?rest_route=\/wp\/v2\/posts\/85\/revisions\/87"}],"wp:attachment":[{"href":"https:\/\/www.gruene-reinheim.de\/index.php?rest_route=%2Fwp%2Fv2%2Fmedia&parent=85"}],"wp:term":[{"taxonomy":"category","embeddable":true,"href":"https:\/\/www.gruene-reinheim.de\/index.php?rest_route=%2Fwp%2Fv2%2Fcategories&post=85"},{"taxonomy":"post_tag","embeddable":true,"href":"https:\/\/www.gruene-reinheim.de\/index.php?rest_route=%2Fwp%2Fv2%2Ftags&post=85"}],"curies":[{"name":"wp","href":"https:\/\/api.w.org\/{rel}","templated":true}]}}