{"id":83,"date":"2020-04-17T08:37:16","date_gmt":"2020-04-17T06:37:16","guid":{"rendered":"https:\/\/www.gruene-reinheim.de\/?p=83"},"modified":"2021-02-22T09:26:50","modified_gmt":"2021-02-22T08:26:50","slug":"reinheimer-gruene-zu-corona","status":"publish","type":"post","link":"https:\/\/www.gruene-reinheim.de\/?p=83","title":{"rendered":"Reinheimer Gr\u00fcne zu Corona"},"content":{"rendered":"\n<p>Corona hat uns fest im\nGriff, unser Denken, unser F\u00fchlen, unsere Wahrnehmung. Und wir\nhoffen alle, dass der Albtraum bald vorbei ist und wir wieder ein\nnormales Leben f\u00fchren k\u00f6nnen. Nur ist das angesichts der\nanstehenden Probleme \u00fcberhaupt m\u00f6glich? Wenn man davon ausgeht,\ndass wahrscheinlich nicht einmal 10% der Bev\u00f6lkerung in Deutschland\ninfiziert sind, bzw. die Corona-Infektion durchgemacht haben, kann\nman sich vorstellen, wie lange es dauern wird, bis eine ausreichende\nZahl an Menschen immun und nicht mehr ansteckend ist, um eine\nHerdenimmunit\u00e4t zu erreichen. Es kann also noch lange keine\nEntwarnung geben, vor Allem nicht f\u00fcr Risikogruppen und Alte. Eine\ngute Nachricht ist nat\u00fcrlich, dass nach neuen Untersuchungen die\nSterblichkeit \u201enur\u201c bei etwa 0,4% liegt. Eine schlechte Nachricht\nist aber, dass die Sterblichkeit in den Risikogruppen viel h\u00f6her ist\nund mit zunehmendem Alter stark ansteigt. Das Dilemma ist, dass die\nSituation zwar teilweise durch die aktuellen politischen Ma\u00dfnahmen\nabgemildert, weil zeitlich verz\u00f6gert, aber nicht gel\u00f6st wird. Man\nkann davon ausgehen, dass sich die meisten Menschen, auch die\nRisikogruppen und die Alten, irgendwann anstecken werden. Dann werden\nnur noch pr\u00e4ventive Ma\u00dfnahmen helfen, wie die herbeigesehnte\nImpfung, medikament\u00f6se Behandlungsm\u00f6glichkeiten und perspektivisch\neine Dekommerzionalsierung des Gesundheitswesens, was ja de facto\ngerade (vor\u00fcbergehend) geschieht. Es kann nicht sein, dass\nProfitmaximierung die Triebfeder der medizinischen Versorgung ist.\nWir stellen auch nicht erst eine Feuerwehrtruppe zusammen, wenn es\nschon brennt, sondern tun dies vorsorglich, auch wenn es sich\n\u00f6konomisch (vordergr\u00fcndig betrachtet) nicht rechnet. Dazu geh\u00f6rt\nnicht nur, dass Pflege besser bezahlt wird, sondern auch, dass mehr\nPflegepersonal eingestellt werden muss. Auch wenn die aktuelle\nCoronakrise wegen der vielen Toten in kurzer Zeit und der hohen\nInfektiosit\u00e4t au\u00dfergew\u00f6hnlich ist, d\u00fcrfen wir nicht vergessen und\nsollten uns nicht daran gew\u00f6hnen, dass j\u00e4hrlich 15-25.000 Menschen\nin Deutschland der Grippe zum Opfer fallen, trotz Impfung und\nMedikamenten. Diese Zahlen  verschwinden in der allgemeinen\nSterblichkeitsstatistik. Unter anderem ein Grund mehr, die\nBehandlungssituation in den Kliniken zu verbessern und Erfolge nicht\nnur an ihrer  Wirtschaftlichkeit zu messen.<\/p>\n\n\n\n<p>Viele Wissenschaftler\nmachen sich aktuell Gedanken, wie\nman aus den Einschr\u00e4nkungen des t\u00e4glichen Lebens heraus kommt,\ninsbesondere was die Beschr\u00e4nkungen unserer demokratischen Rechte,\nGrundrechte und Freiheiten angeht. Diese Ma\u00dfnahmen sind aus\nnaheliegenden Gr\u00fcnden ohnehin nur begrenzt durchzuhalten. Dazu gibt\nes schon verschiedene interessante wissenschaftliche Studien und\nSzenarien, um eine f\u00fcr die Gesundheit der Menschen, aber auch f\u00fcr\nihre soziale und \u00f6konomische Situation angemessene L\u00f6sung zu\nfinden. Wichtig erscheint uns Reinheimer GR\u00dcNEN, dass die\nKlimadiskussion am Ende nicht wegen der Coronakrise dem Rotstift zum\nOpfer f\u00e4llt. Denn die Klimaver\u00e4nderung und damit die Zerst\u00f6rung\nder Natur ist eine existenzielle Zukunftsfrage die unter anderem auch\nunsere Gesundheit und die unserer Kinder und Kindeskinder betrifft.\nDie Angst vor Krankheit und Tod ist in einer akuten Situation wie der\nCoronapandemie zwar unmittelbar sp\u00fcrbar und verst\u00e4ndlich, darf uns\naber in Bezug auf die Zukunftsprobleme unseres Planeten nicht\nkurzsichtig werden lassen.<\/p>\n","protected":false},"excerpt":{"rendered":"<p>Corona hat uns fest im Griff, unser Denken, unser F\u00fchlen, unsere Wahrnehmung. Und wir hoffen alle, dass der Albtraum bald vorbei ist und wir wieder ein normales Leben f\u00fchren k\u00f6nnen. [&hellip;]<\/p>\n","protected":false},"author":-1,"featured_media":0,"comment_status":"open","ping_status":"open","sticky":false,"template":"","format":"standard","meta":{"footnotes":""},"categories":[14],"tags":[],"class_list":["post-83","post","type-post","status-publish","format-standard","hentry","category-corona"],"_links":{"self":[{"href":"https:\/\/www.gruene-reinheim.de\/index.php?rest_route=\/wp\/v2\/posts\/83","targetHints":{"allow":["GET"]}}],"collection":[{"href":"https:\/\/www.gruene-reinheim.de\/index.php?rest_route=\/wp\/v2\/posts"}],"about":[{"href":"https:\/\/www.gruene-reinheim.de\/index.php?rest_route=\/wp\/v2\/types\/post"}],"author":[{"embeddable":true,"href":"https:\/\/www.gruene-reinheim.de\/index.php?rest_route=\/wp\/v2\/users\/3"}],"replies":[{"embeddable":true,"href":"https:\/\/www.gruene-reinheim.de\/index.php?rest_route=%2Fwp%2Fv2%2Fcomments&post=83"}],"version-history":[{"count":1,"href":"https:\/\/www.gruene-reinheim.de\/index.php?rest_route=\/wp\/v2\/posts\/83\/revisions"}],"predecessor-version":[{"id":84,"href":"https:\/\/www.gruene-reinheim.de\/index.php?rest_route=\/wp\/v2\/posts\/83\/revisions\/84"}],"wp:attachment":[{"href":"https:\/\/www.gruene-reinheim.de\/index.php?rest_route=%2Fwp%2Fv2%2Fmedia&parent=83"}],"wp:term":[{"taxonomy":"category","embeddable":true,"href":"https:\/\/www.gruene-reinheim.de\/index.php?rest_route=%2Fwp%2Fv2%2Fcategories&post=83"},{"taxonomy":"post_tag","embeddable":true,"href":"https:\/\/www.gruene-reinheim.de\/index.php?rest_route=%2Fwp%2Fv2%2Ftags&post=83"}],"curies":[{"name":"wp","href":"https:\/\/api.w.org\/{rel}","templated":true}]}}