{"id":2258,"date":"2024-12-09T14:16:54","date_gmt":"2024-12-09T13:16:54","guid":{"rendered":"https:\/\/www.gruene-reinheim.de\/?p=2258"},"modified":"2024-12-23T14:03:06","modified_gmt":"2024-12-23T13:03:06","slug":"offener-brief-der-fraktionen-buendnis-90-die-gruenen-reinheim-reinheimer-kreis-und-fdp-reinheim-des-reinheimer-stadtparlaments","status":"publish","type":"post","link":"https:\/\/www.gruene-reinheim.de\/?p=2258","title":{"rendered":"Offener Brief der Fraktionen B\u00fcndnis 90\/          Die GR\u00dcNEN Reinheim, REINHEIMER KREIS und FDP Reinheim des Reinheimer Stadtparlaments: Klimaschutzkonzept f\u00fcr alle B\u00fcrger zug\u00e4nglich machen."},"content":{"rendered":"\n<p><\/p>\n\n\n\n<p>Drei Fraktionen des Reinheimer Stadtparlaments haben sich in einem offenen Brief an B\u00fcrgermeister und Stadtverordnetenversammlung gewandt, mit der dringenden Bitte, das im Rathaus liegende Klimaschutzkonzept auf der Website der Stadt Reinheim allen B\u00fcrgern zug\u00e4nglich zu machen. Demnach sollten sowohl die Kurzfassung als auch das vollst\u00e4ndige Dokument online einsehbar sein.<\/p>\n\n\n\n<p>\u00dcber Jahre hinweg wurde dieses umfassende Konzept mit Hilfe eines daf\u00fcr qualifizierten Ingenieurb\u00fcros aus Haushaltsmitteln (Steuergeldern) erarbeitet. Ziel war es, eine fundierte Informations- und Arbeitsgrundlage zu schaffen, die es allen B\u00fcrgern und der Stadtverwaltung erm\u00f6glicht, aktiv zum Erhalt unserer Lebensgrundlagen beizutragen.<\/p>\n\n\n\n<p>Die Reinheimer B\u00fcrgerinnen und B\u00fcrger sowie die Gewerbetreibenden stehen vor zahlreichen Herausforderungen, die eng mit den Zielen des Klimaschutzkonzepts verkn\u00fcpft sind. Dazu z\u00e4hlen unter anderem: bezahlbare erneuerbare Energien, kosteng\u00fcnstige Mobilit\u00e4t sowie eine ausreichende Infrastruktur wie Lades\u00e4ulen und Speicherl\u00f6sungen. Dies sind nur einige der wichtigen Themen, die in dem Konzept behandelt werden.<\/p>\n\n\n\n<p>Das Dokument bietet wertvolle Informationen und konkrete Hinweise f\u00fcr die Reinheimer Bev\u00f6lkerung und auch f\u00fcr die Vertreter der Stadtverordnetenversammlung, wie sie selbst zur Reduktion von Treibhausgasemissionen in Reinheim beitragen k\u00f6nnen. Eine breite Zug\u00e4nglichkeit des Konzepts w\u00e4re ein wichtiger Schritt, um alle in die Bem\u00fchungen um einen nachhaltigen Klimaschutz einzubeziehen.&#8220;<\/p>\n\n\n\n<p><\/p>\n","protected":false},"excerpt":{"rendered":"<p>Drei Fraktionen des Reinheimer Stadtparlaments haben sich in einem offenen Brief an B\u00fcrgermeister und Stadtverordnetenversammlung gewandt, mit der dringenden Bitte, das im Rathaus liegende Klimaschutzkonzept auf der Website der Stadt [&hellip;]<\/p>\n","protected":false},"author":-1,"featured_media":0,"comment_status":"open","ping_status":"closed","sticky":false,"template":"","format":"standard","meta":{"footnotes":""},"categories":[16],"tags":[],"class_list":["post-2258","post","type-post","status-publish","format-standard","hentry","category-pressemitteilungen"],"_links":{"self":[{"href":"https:\/\/www.gruene-reinheim.de\/index.php?rest_route=\/wp\/v2\/posts\/2258","targetHints":{"allow":["GET"]}}],"collection":[{"href":"https:\/\/www.gruene-reinheim.de\/index.php?rest_route=\/wp\/v2\/posts"}],"about":[{"href":"https:\/\/www.gruene-reinheim.de\/index.php?rest_route=\/wp\/v2\/types\/post"}],"author":[{"embeddable":true,"href":"https:\/\/www.gruene-reinheim.de\/index.php?rest_route=\/wp\/v2\/users\/7"}],"replies":[{"embeddable":true,"href":"https:\/\/www.gruene-reinheim.de\/index.php?rest_route=%2Fwp%2Fv2%2Fcomments&post=2258"}],"version-history":[{"count":3,"href":"https:\/\/www.gruene-reinheim.de\/index.php?rest_route=\/wp\/v2\/posts\/2258\/revisions"}],"predecessor-version":[{"id":2262,"href":"https:\/\/www.gruene-reinheim.de\/index.php?rest_route=\/wp\/v2\/posts\/2258\/revisions\/2262"}],"wp:attachment":[{"href":"https:\/\/www.gruene-reinheim.de\/index.php?rest_route=%2Fwp%2Fv2%2Fmedia&parent=2258"}],"wp:term":[{"taxonomy":"category","embeddable":true,"href":"https:\/\/www.gruene-reinheim.de\/index.php?rest_route=%2Fwp%2Fv2%2Fcategories&post=2258"},{"taxonomy":"post_tag","embeddable":true,"href":"https:\/\/www.gruene-reinheim.de\/index.php?rest_route=%2Fwp%2Fv2%2Ftags&post=2258"}],"curies":[{"name":"wp","href":"https:\/\/api.w.org\/{rel}","templated":true}]}}