{"id":2248,"date":"2024-12-03T09:40:59","date_gmt":"2024-12-03T08:40:59","guid":{"rendered":"https:\/\/www.gruene-reinheim.de\/?p=2248"},"modified":"2024-12-23T14:03:30","modified_gmt":"2024-12-23T13:03:30","slug":"erfolgreiche-zweite-infoveranstaltung-zu-waermepumpen","status":"publish","type":"post","link":"https:\/\/www.gruene-reinheim.de\/?p=2248","title":{"rendered":"Erfolgreiche zweite Infoveranstaltung zu W\u00e4rmepumpen"},"content":{"rendered":"\n<p>Viele Reinheimer B\u00fcrgerinnen und B\u00fcrger besuchten mit gro\u00dfem Interesse die zweite Infoveranstaltung zu W\u00e4rmepumpen. Diese fand am vorletzten Montag statt und wurde von den Reinheimer Gr\u00fcnen organisiert. Der Referent Wulf Kraneis informierte die zahlreichen Besucher umfassend \u00fcber die Vorteile und Funktionsweise von W\u00e4rmepumpen und stand f\u00fcr eine angeregte Diskussion zur Verf\u00fcgung. Sachkundig und geduldig beantwortete er die vielen Fragen der Anwesenden. Das umfangreiche Expertenwissen von Wulf Kraneis wurde durch die positiven Praxiserfahrungen eines Reinheimer Hausbesitzers erg\u00e4nzt.<\/p>\n\n\n\n<p>Mit der richtigen Planung ist die W\u00e4rmepumpe eine gute Alternative zu \u00d6l-und Gasheizungen &#8211; auch ohne zus\u00e4tzliche D\u00e4mmung des Eigenheims. Wir Gr\u00fcnen sind begeistert, dass viele Menschen den Weg zur Veranstaltung gefunden haben und sich aktiv mit dem Thema auseinandersetzen. Das gro\u00dfe Interesse verdeutlicht, dass immer mehr B\u00fcrgerinnen und B\u00fcrger ihren Beitrag zum Klimaschutz leisten wollen.<\/p>\n\n\n\n<p>Die Gr\u00fcnen Reinheim bedanken sich bei allen Teilnehmerinnen und Teilnehmern und freuen sich auf weitere erfolgreiche Veranstaltungen in der Zukunft. Insbesondere bedanken wir uns bei dem Heizungsinstallateur Michael Richter aus Reinheim. Im Rahmen der Fragerunde wurde deutlich, dass er in seinem Unternehmen \u00fcberdurchschnittlich qualifizierte Mitarbeiterinnen und Mitarbeiter besch\u00e4ftigt &#8211; sehr zur Freude und Erstaunen unseres Referenten und zum Vorteil f\u00fcr Reinheim.<\/p>\n\n\n\n<p><\/p>\n","protected":false},"excerpt":{"rendered":"<p>Viele Reinheimer B\u00fcrgerinnen und B\u00fcrger besuchten mit gro\u00dfem Interesse die zweite Infoveranstaltung zu W\u00e4rmepumpen. Diese fand am vorletzten Montag statt und wurde von den Reinheimer Gr\u00fcnen organisiert. Der Referent Wulf [&hellip;]<\/p>\n","protected":false},"author":-1,"featured_media":2254,"comment_status":"open","ping_status":"closed","sticky":false,"template":"","format":"standard","meta":{"footnotes":""},"categories":[16],"tags":[],"class_list":["post-2248","post","type-post","status-publish","format-standard","has-post-thumbnail","hentry","category-pressemitteilungen"],"_links":{"self":[{"href":"https:\/\/www.gruene-reinheim.de\/index.php?rest_route=\/wp\/v2\/posts\/2248","targetHints":{"allow":["GET"]}}],"collection":[{"href":"https:\/\/www.gruene-reinheim.de\/index.php?rest_route=\/wp\/v2\/posts"}],"about":[{"href":"https:\/\/www.gruene-reinheim.de\/index.php?rest_route=\/wp\/v2\/types\/post"}],"author":[{"embeddable":true,"href":"https:\/\/www.gruene-reinheim.de\/index.php?rest_route=\/wp\/v2\/users\/7"}],"replies":[{"embeddable":true,"href":"https:\/\/www.gruene-reinheim.de\/index.php?rest_route=%2Fwp%2Fv2%2Fcomments&post=2248"}],"version-history":[{"count":2,"href":"https:\/\/www.gruene-reinheim.de\/index.php?rest_route=\/wp\/v2\/posts\/2248\/revisions"}],"predecessor-version":[{"id":2253,"href":"https:\/\/www.gruene-reinheim.de\/index.php?rest_route=\/wp\/v2\/posts\/2248\/revisions\/2253"}],"wp:featuredmedia":[{"embeddable":true,"href":"https:\/\/www.gruene-reinheim.de\/index.php?rest_route=\/wp\/v2\/media\/2254"}],"wp:attachment":[{"href":"https:\/\/www.gruene-reinheim.de\/index.php?rest_route=%2Fwp%2Fv2%2Fmedia&parent=2248"}],"wp:term":[{"taxonomy":"category","embeddable":true,"href":"https:\/\/www.gruene-reinheim.de\/index.php?rest_route=%2Fwp%2Fv2%2Fcategories&post=2248"},{"taxonomy":"post_tag","embeddable":true,"href":"https:\/\/www.gruene-reinheim.de\/index.php?rest_route=%2Fwp%2Fv2%2Ftags&post=2248"}],"curies":[{"name":"wp","href":"https:\/\/api.w.org\/{rel}","templated":true}]}}