{"id":2236,"date":"2024-11-11T11:22:42","date_gmt":"2024-11-11T10:22:42","guid":{"rendered":"https:\/\/www.gruene-reinheim.de\/?p=2236"},"modified":"2026-01-27T20:16:27","modified_gmt":"2026-01-27T19:16:27","slug":"infoveranstaltung-rentiert-sich-eine-waermepumpe-fuer-mich","status":"publish","type":"post","link":"https:\/\/www.gruene-reinheim.de\/?p=2236","title":{"rendered":"Infoveranstaltung: Rentiert sich eine W\u00e4rmepumpe f\u00fcr mich?"},"content":{"rendered":"\n<p>Die GR\u00dcNEN Reinheim laden herzlich zu einer spannenden Informationsveranstaltung zum Thema \u201eRentiert sich eine W\u00e4rmepumpe f\u00fcr mich?\u201c ein. Die Veranstaltung findet am <strong>25. November 2024 um 19:00 Uhr<\/strong> im <strong>Gasthaus Balz, Reinheim Ueberau<\/strong> statt.<\/p>\n\n\n\n<p>Erfahren Sie von Experten, wie Sie Ihre W\u00e4rme- und Energieversorgung effizient und umweltfreundlich gestalten k\u00f6nnen. Wulf Kraneis, Maschinenbauingenieur und Experte f\u00fcr erneuerbare Energien, wird \u00fcber die M\u00f6glichkeiten und Vorteile des Eigenbaus von W\u00e4rmepumpen sprechen. Auch wenn Sie nicht in Eigenregie eine W\u00e4rmepumpe einbauen wollen, erhalten Sie wertvolle Informationen, um die Leistungsf\u00e4higkeit der Ger\u00e4te einzusch\u00e4tzen.<\/p>\n\n\n\n<p>Nutzen Sie die Gelegenheit, praxisnahe Tipps und Tricks zu erhalten und Ihre Fragen direkt an die Experten zu stellen.<\/p>\n\n\n\n<p>Wir freuen uns auf Ihre Teilnahme!<\/p>\n\n\n\n<p><strong>Datum:<\/strong> 25. November 2024<br><strong>Zeit:<\/strong> 19:00 Uhr<br><strong>Ort:<\/strong> Gasthaus Balz, Reinheim Ueberau<\/p>\n\n\n\n<figure class=\"wp-block-image size-full\"><img loading=\"lazy\" decoding=\"async\" width=\"700\" height=\"467\" src=\"https:\/\/www.gruene-reinheim.de\/wp-content\/uploads\/2024\/11\/Waermepumpe_3_klein.jpg\" alt=\"\" class=\"wp-image-2237\" srcset=\"https:\/\/www.gruene-reinheim.de\/wp-content\/uploads\/2024\/11\/Waermepumpe_3_klein.jpg 700w, https:\/\/www.gruene-reinheim.de\/wp-content\/uploads\/2024\/11\/Waermepumpe_3_klein-400x267.jpg 400w, https:\/\/www.gruene-reinheim.de\/wp-content\/uploads\/2024\/11\/Waermepumpe_3_klein-600x400.jpg 600w, https:\/\/www.gruene-reinheim.de\/wp-content\/uploads\/2024\/11\/Waermepumpe_3_klein-150x100.jpg 150w\" sizes=\"auto, (max-width: 700px) 100vw, 700px\" \/><\/figure>\n\n\n\n<p>\/<\/p>\n\n\n\n<p><\/p>\n","protected":false},"excerpt":{"rendered":"<p>Die GR\u00dcNEN Reinheim laden herzlich zu einer spannenden Informationsveranstaltung zum Thema \u201eRentiert sich eine W\u00e4rmepumpe f\u00fcr mich?\u201c ein. Die Veranstaltung findet am 25. November 2024 um 19:00 Uhr im Gasthaus [&hellip;]<\/p>\n","protected":false},"author":-1,"featured_media":2237,"comment_status":"closed","ping_status":"open","sticky":false,"template":"","format":"standard","meta":{"footnotes":""},"categories":[16,23],"tags":[],"class_list":["post-2236","post","type-post","status-publish","format-standard","has-post-thumbnail","hentry","category-pressemitteilungen","category-veranstaltung"],"_links":{"self":[{"href":"https:\/\/www.gruene-reinheim.de\/index.php?rest_route=\/wp\/v2\/posts\/2236","targetHints":{"allow":["GET"]}}],"collection":[{"href":"https:\/\/www.gruene-reinheim.de\/index.php?rest_route=\/wp\/v2\/posts"}],"about":[{"href":"https:\/\/www.gruene-reinheim.de\/index.php?rest_route=\/wp\/v2\/types\/post"}],"author":[{"embeddable":true,"href":"https:\/\/www.gruene-reinheim.de\/index.php?rest_route=\/wp\/v2\/users\/7"}],"replies":[{"embeddable":true,"href":"https:\/\/www.gruene-reinheim.de\/index.php?rest_route=%2Fwp%2Fv2%2Fcomments&post=2236"}],"version-history":[{"count":1,"href":"https:\/\/www.gruene-reinheim.de\/index.php?rest_route=\/wp\/v2\/posts\/2236\/revisions"}],"predecessor-version":[{"id":2238,"href":"https:\/\/www.gruene-reinheim.de\/index.php?rest_route=\/wp\/v2\/posts\/2236\/revisions\/2238"}],"wp:featuredmedia":[{"embeddable":true,"href":"https:\/\/www.gruene-reinheim.de\/index.php?rest_route=\/wp\/v2\/media\/2237"}],"wp:attachment":[{"href":"https:\/\/www.gruene-reinheim.de\/index.php?rest_route=%2Fwp%2Fv2%2Fmedia&parent=2236"}],"wp:term":[{"taxonomy":"category","embeddable":true,"href":"https:\/\/www.gruene-reinheim.de\/index.php?rest_route=%2Fwp%2Fv2%2Fcategories&post=2236"},{"taxonomy":"post_tag","embeddable":true,"href":"https:\/\/www.gruene-reinheim.de\/index.php?rest_route=%2Fwp%2Fv2%2Ftags&post=2236"}],"curies":[{"name":"wp","href":"https:\/\/api.w.org\/{rel}","templated":true}]}}