{"id":2228,"date":"2024-09-09T18:56:31","date_gmt":"2024-09-09T16:56:31","guid":{"rendered":"https:\/\/www.gruene-reinheim.de\/?p=2228"},"modified":"2024-12-23T14:03:42","modified_gmt":"2024-12-23T13:03:42","slug":"das-schnelle-internet-kommt-zu-langsam","status":"publish","type":"post","link":"https:\/\/www.gruene-reinheim.de\/?p=2228","title":{"rendered":"Das schnelle Internet kommt zu langsam"},"content":{"rendered":"\n<p>Details \u00fcber den aktuellen Ausbaustand des Glasfaser-Netzes f\u00fcr Reinheim m\u00f6chten \u201eB\u00fcndnis 90\/Die Gr\u00fcnen\u201c vom Magistrat. In einer Anfrage erkundigen sie sich nach dem erwarteten Fertigstellungstermin f\u00fcr die Kernstadt und die Stadtteile.<\/p>\n\n\n\n<p>Zwar habe der B\u00fcrgermeister mit Werbeschreiben an die Einwohner f\u00fcr das Glasfasernetz und den Netzbetreiber geworben, doch <strong>scheine der Ausbau stockender zu verlaufen als urspr\u00fcnglich geplant<\/strong>. Schlie\u00dflich dauerten die Vorbereitungen und Ma\u00dfnahmen nun schon \u00fcber 5 Jahre. Dadurch komme das schnelle Internet in Reinheim viel zu langsam voran.<\/p>\n","protected":false},"excerpt":{"rendered":"<p>Details \u00fcber den aktuellen Ausbaustand des Glasfaser-Netzes f\u00fcr Reinheim m\u00f6chten \u201eB\u00fcndnis 90\/Die Gr\u00fcnen\u201c vom Magistrat. In einer Anfrage erkundigen sie sich nach dem erwarteten Fertigstellungstermin f\u00fcr die Kernstadt und die [&hellip;]<\/p>\n","protected":false},"author":-1,"featured_media":0,"comment_status":"open","ping_status":"closed","sticky":false,"template":"","format":"standard","meta":{"footnotes":""},"categories":[11],"tags":[],"class_list":["post-2228","post","type-post","status-publish","format-standard","hentry","category-parlament"],"_links":{"self":[{"href":"https:\/\/www.gruene-reinheim.de\/index.php?rest_route=\/wp\/v2\/posts\/2228","targetHints":{"allow":["GET"]}}],"collection":[{"href":"https:\/\/www.gruene-reinheim.de\/index.php?rest_route=\/wp\/v2\/posts"}],"about":[{"href":"https:\/\/www.gruene-reinheim.de\/index.php?rest_route=\/wp\/v2\/types\/post"}],"author":[{"embeddable":true,"href":"https:\/\/www.gruene-reinheim.de\/index.php?rest_route=\/wp\/v2\/users\/5"}],"replies":[{"embeddable":true,"href":"https:\/\/www.gruene-reinheim.de\/index.php?rest_route=%2Fwp%2Fv2%2Fcomments&post=2228"}],"version-history":[{"count":1,"href":"https:\/\/www.gruene-reinheim.de\/index.php?rest_route=\/wp\/v2\/posts\/2228\/revisions"}],"predecessor-version":[{"id":2229,"href":"https:\/\/www.gruene-reinheim.de\/index.php?rest_route=\/wp\/v2\/posts\/2228\/revisions\/2229"}],"wp:attachment":[{"href":"https:\/\/www.gruene-reinheim.de\/index.php?rest_route=%2Fwp%2Fv2%2Fmedia&parent=2228"}],"wp:term":[{"taxonomy":"category","embeddable":true,"href":"https:\/\/www.gruene-reinheim.de\/index.php?rest_route=%2Fwp%2Fv2%2Fcategories&post=2228"},{"taxonomy":"post_tag","embeddable":true,"href":"https:\/\/www.gruene-reinheim.de\/index.php?rest_route=%2Fwp%2Fv2%2Ftags&post=2228"}],"curies":[{"name":"wp","href":"https:\/\/api.w.org\/{rel}","templated":true}]}}