{"id":2138,"date":"2024-03-08T10:40:39","date_gmt":"2024-03-08T09:40:39","guid":{"rendered":"https:\/\/www.gruene-reinheim.de\/?p=2138"},"modified":"2024-05-17T15:01:21","modified_gmt":"2024-05-17T13:01:21","slug":"gruene-trafen-sich-am-fastnachtssonntag-zum-fruehstueck-im-kuehlen-grund","status":"publish","type":"post","link":"https:\/\/www.gruene-reinheim.de\/?p=2138","title":{"rendered":"GR\u00dcNE trafen sich am Fastnachtssonntag zum Fr\u00fchst\u00fcck im \u201eK\u00fchlen Grund\u201c"},"content":{"rendered":"\n<p>Traditionell kommen die Reinheimer GR\u00dcNEN jedes Fr\u00fchjahr zu einem \u201eGR\u00dcNEN Fr\u00fchst\u00fcck\u201c zusammen. Eingeladen waren alle von B\u00fcndnis90\/ Die GR\u00dcNEN Reinheim und Angeh\u00f6rige. Mit von der Partie waren der GR\u00dcNE Landtagsabgeordnete Torsten Leveringhaus und der neu gew\u00e4hlte Vorsitzende unserer Landespartei Andreas Ewald.&nbsp; Alle Tische waren belegt, dabei fanden alle Generationen Platz. Der&nbsp; j\u00fcngste Teilnehmer war 1 Jahr, der \u00e4lteste Teilnehmer wird 80 Jahre. Wie immer wurde uns ein reichhaltiges Buffet geboten, einschlie\u00dflich gr\u00fcner Suppe und Evis Spezialnachtisch. Beim Genie\u00dfen kam es an allen Tischen zu lebhaftem Austausch und guten Gespr\u00e4chen.<br>Beim R\u00fcckblick auf das vergangene Jahr freuten wir uns vor allem \u00fcber die erfolgreiche Veranstaltung zum Eigenbau von Photovoltaik-Anlagen und W\u00e4rmepumpen in Reinheim. \u00dcber 120 Personen brachten den Saal im K\u00fchlen Grund damals an seine Kapazit\u00e4tsgrenzen. Beim Ausblick auf das kommende Jahr formulierte unser Sprecher Florian Darmst\u00e4dter die Schwerpunkte: Klimaschutz, Verbesserung des Fahrrad- und Fu\u00dfg\u00e4ngerverkehrs und Haltung zeigen f\u00fcr Demokratie und Vielfalt.<br>Dagmar Strobel&nbsp; unsere Fraktionsvorsitzende res\u00fcmierte die Arbeit der Fraktion. Au\u00dferdem forderte sie alle auf, Kritik und Anregungen an bzw. f\u00fcr die GR\u00dcNE Partei in Reinheim abzugeben. Stift und Papier wurden genutzt und jetzt werden die Beitr\u00e4ge von unserem Vorstand ausgewertet und die Ergebnisse im Ortsverband diskutiert. Ein herzliches Dankesch\u00f6n ging an Evi und Wilhelm Mayer vom \u201eK\u00fchlen Grund\u201c, f\u00fcr die ausgezeichnete Bewirtung. Sie richten das GR\u00dcNE Fr\u00fchst\u00fcck\u201c schon seit Jahren aus. Danach ging es f\u00fcr viele frisch gest\u00e4rkt weiter &nbsp;zum Fastnachtsumzug nach Ueberau.<\/p>\n\n\n\n<figure class=\"wp-block-image size-large is-resized\"><img loading=\"lazy\" decoding=\"async\" width=\"800\" height=\"445\" src=\"https:\/\/www.gruene-reinheim.de\/wp-content\/uploads\/2024\/03\/Gruenes_Fruehstueck_1-800x445.jpg\" alt=\"\" class=\"wp-image-2141\" style=\"width:836px;height:auto\" srcset=\"https:\/\/www.gruene-reinheim.de\/wp-content\/uploads\/2024\/03\/Gruenes_Fruehstueck_1-800x445.jpg 800w, https:\/\/www.gruene-reinheim.de\/wp-content\/uploads\/2024\/03\/Gruenes_Fruehstueck_1-400x223.jpg 400w, https:\/\/www.gruene-reinheim.de\/wp-content\/uploads\/2024\/03\/Gruenes_Fruehstueck_1-768x427.jpg 768w, https:\/\/www.gruene-reinheim.de\/wp-content\/uploads\/2024\/03\/Gruenes_Fruehstueck_1-150x83.jpg 150w, https:\/\/www.gruene-reinheim.de\/wp-content\/uploads\/2024\/03\/Gruenes_Fruehstueck_1-1320x735.jpg 1320w, https:\/\/www.gruene-reinheim.de\/wp-content\/uploads\/2024\/03\/Gruenes_Fruehstueck_1.jpg 1479w\" sizes=\"auto, (max-width: 800px) 100vw, 800px\" \/><figcaption class=\"wp-element-caption\">von links: Der Sprecher der Gr\u00fcnen Reinheim Florian Darmst\u00e4dter, Heinz Kirchhof zust\u00e4ndig f\u00fcr die Pressearbeit, Frank Ewald Wahlkampfmanager, Andreas Ewald Landesvorsitzender, Torsten Leveringhaus Kreissprecher und Landtagsabgeordneter bei der Rede der Fraktionsvorsitzenden Dagmar Strobel.<\/figcaption><\/figure>\n","protected":false},"excerpt":{"rendered":"<p>Traditionell kommen die Reinheimer GR\u00dcNEN jedes Fr\u00fchjahr zu einem \u201eGR\u00dcNEN Fr\u00fchst\u00fcck\u201c zusammen. Eingeladen waren alle von B\u00fcndnis90\/ Die GR\u00dcNEN Reinheim und Angeh\u00f6rige. Mit von der Partie waren der GR\u00dcNE Landtagsabgeordnete [&hellip;]<\/p>\n","protected":false},"author":-1,"featured_media":2139,"comment_status":"closed","ping_status":"closed","sticky":false,"template":"","format":"standard","meta":{"footnotes":""},"categories":[16],"tags":[],"class_list":["post-2138","post","type-post","status-publish","format-standard","has-post-thumbnail","hentry","category-pressemitteilungen"],"_links":{"self":[{"href":"https:\/\/www.gruene-reinheim.de\/index.php?rest_route=\/wp\/v2\/posts\/2138","targetHints":{"allow":["GET"]}}],"collection":[{"href":"https:\/\/www.gruene-reinheim.de\/index.php?rest_route=\/wp\/v2\/posts"}],"about":[{"href":"https:\/\/www.gruene-reinheim.de\/index.php?rest_route=\/wp\/v2\/types\/post"}],"author":[{"embeddable":true,"href":"https:\/\/www.gruene-reinheim.de\/index.php?rest_route=\/wp\/v2\/users\/5"}],"replies":[{"embeddable":true,"href":"https:\/\/www.gruene-reinheim.de\/index.php?rest_route=%2Fwp%2Fv2%2Fcomments&post=2138"}],"version-history":[{"count":2,"href":"https:\/\/www.gruene-reinheim.de\/index.php?rest_route=\/wp\/v2\/posts\/2138\/revisions"}],"predecessor-version":[{"id":2143,"href":"https:\/\/www.gruene-reinheim.de\/index.php?rest_route=\/wp\/v2\/posts\/2138\/revisions\/2143"}],"wp:featuredmedia":[{"embeddable":true,"href":"https:\/\/www.gruene-reinheim.de\/index.php?rest_route=\/wp\/v2\/media\/2139"}],"wp:attachment":[{"href":"https:\/\/www.gruene-reinheim.de\/index.php?rest_route=%2Fwp%2Fv2%2Fmedia&parent=2138"}],"wp:term":[{"taxonomy":"category","embeddable":true,"href":"https:\/\/www.gruene-reinheim.de\/index.php?rest_route=%2Fwp%2Fv2%2Fcategories&post=2138"},{"taxonomy":"post_tag","embeddable":true,"href":"https:\/\/www.gruene-reinheim.de\/index.php?rest_route=%2Fwp%2Fv2%2Ftags&post=2138"}],"curies":[{"name":"wp","href":"https:\/\/api.w.org\/{rel}","templated":true}]}}