{"id":2114,"date":"2024-02-05T14:02:29","date_gmt":"2024-02-05T13:02:29","guid":{"rendered":"https:\/\/www.gruene-reinheim.de\/?p=2114"},"modified":"2024-05-17T15:01:36","modified_gmt":"2024-05-17T13:01:36","slug":"andreas-ewald-zum-sprecher-der-gruenen-in-hessen-gewaehlt","status":"publish","type":"post","link":"https:\/\/www.gruene-reinheim.de\/?p=2114","title":{"rendered":"Andreas Ewald zum Sprecher der GR\u00dcNEN in Hessen gew\u00e4hlt"},"content":{"rendered":"\n<p>Katrin Anders und Andreas Ewald wurden am Samstag auf dem Landesparteitag &nbsp;in Frankfurt an die Spitze der Hessischen GR\u00dcNEN gew\u00e4hlt. Wir Reinheimer GR\u00dcNEN haben uns f\u00fcr die Wahl von Andreas Ewald eingesetzt. Er wird auch einigen Reinheimer:innen aufgrund seiner Besuche in unserer Stadt bekannt sein. Wichtige Erfahrungen sammelte Andreas Ewald als Kreisvorsitzender sowie Fraktionsvorsitzender der GR\u00dcNEN in Darmstadt. &nbsp;Seine Schwerpunkte waren die Verkehrswende und der Klimaschutz. Nun wird seine Aufgabe insbesondere in der St\u00e4rkung der Kreis- und Ortsverb\u00e4nde liegen, wobei er die Belange der St\u00e4dte und des l\u00e4ndlichen Raums gleicherma\u00dfen im Blick haben wird.<\/p>\n\n\n\n<p>Wir gratulieren ihm und w\u00fcnschen ihm viel Erfolg f\u00fcr seine Arbeit.<\/p>\n","protected":false},"excerpt":{"rendered":"<p>Katrin Anders und Andreas Ewald wurden am Samstag auf dem Landesparteitag &nbsp;in Frankfurt an die Spitze der Hessischen GR\u00dcNEN gew\u00e4hlt. Wir Reinheimer GR\u00dcNEN haben uns f\u00fcr die Wahl von Andreas [&hellip;]<\/p>\n","protected":false},"author":-1,"featured_media":2116,"comment_status":"closed","ping_status":"closed","sticky":false,"template":"","format":"standard","meta":{"footnotes":""},"categories":[16],"tags":[],"class_list":["post-2114","post","type-post","status-publish","format-standard","has-post-thumbnail","hentry","category-pressemitteilungen"],"_links":{"self":[{"href":"https:\/\/www.gruene-reinheim.de\/index.php?rest_route=\/wp\/v2\/posts\/2114","targetHints":{"allow":["GET"]}}],"collection":[{"href":"https:\/\/www.gruene-reinheim.de\/index.php?rest_route=\/wp\/v2\/posts"}],"about":[{"href":"https:\/\/www.gruene-reinheim.de\/index.php?rest_route=\/wp\/v2\/types\/post"}],"author":[{"embeddable":true,"href":"https:\/\/www.gruene-reinheim.de\/index.php?rest_route=\/wp\/v2\/users\/5"}],"replies":[{"embeddable":true,"href":"https:\/\/www.gruene-reinheim.de\/index.php?rest_route=%2Fwp%2Fv2%2Fcomments&post=2114"}],"version-history":[{"count":2,"href":"https:\/\/www.gruene-reinheim.de\/index.php?rest_route=\/wp\/v2\/posts\/2114\/revisions"}],"predecessor-version":[{"id":2117,"href":"https:\/\/www.gruene-reinheim.de\/index.php?rest_route=\/wp\/v2\/posts\/2114\/revisions\/2117"}],"wp:featuredmedia":[{"embeddable":true,"href":"https:\/\/www.gruene-reinheim.de\/index.php?rest_route=\/wp\/v2\/media\/2116"}],"wp:attachment":[{"href":"https:\/\/www.gruene-reinheim.de\/index.php?rest_route=%2Fwp%2Fv2%2Fmedia&parent=2114"}],"wp:term":[{"taxonomy":"category","embeddable":true,"href":"https:\/\/www.gruene-reinheim.de\/index.php?rest_route=%2Fwp%2Fv2%2Fcategories&post=2114"},{"taxonomy":"post_tag","embeddable":true,"href":"https:\/\/www.gruene-reinheim.de\/index.php?rest_route=%2Fwp%2Fv2%2Ftags&post=2114"}],"curies":[{"name":"wp","href":"https:\/\/api.w.org\/{rel}","templated":true}]}}