{"id":2044,"date":"2023-09-26T13:33:03","date_gmt":"2023-09-26T11:33:03","guid":{"rendered":"https:\/\/www.gruene-reinheim.de\/?p=2044"},"modified":"2023-09-26T13:35:32","modified_gmt":"2023-09-26T11:35:32","slug":"gruene-bieten-gelegenheit-unseren-landtagskandidaten-andreas-ewald-kennenzulernen-und-wir-zeigen-flagge-gegenueber-der-afd","status":"publish","type":"post","link":"https:\/\/www.gruene-reinheim.de\/?p=2044","title":{"rendered":"GR\u00dcNE bieten Gelegenheit unseren Landtagskandidaten Andreas Ewald kennenzulernen und wir zeigen Flagge gegen\u00fcber der AfD."},"content":{"rendered":"\n<p>Am Samstag, dem 30. September wird es in Reinheim eine besondere Gelegenheit geben, sich aktiv an den politischen Geschehnissen zu beteiligen. Andreas Ewald, unser engagierter Direktkandidat der Gr\u00fcnen, wird ab 8:30 Uhr eine Stunde lang am Wahlstand der GR\u00dcNEN vor Edeka Lajos anzutreffen sein. Nutzen Sie diese hervorragende Gelegenheit, um pers\u00f6nlich mit ihm ins Gespr\u00e4ch zu kommen und mehr \u00fcber seine politischen Ziele zu erfahren. Andreas Ewald kommt vom Land und will unsere Perspektive in die Politik einbringen. Sein Engagement gilt einer \u00f6kologischen und sozial gerechten Verkehrspolitik, die allen Verkehrsteilnehmenden, unabh\u00e4ngig von ihrem Wohnort, zugutekommt.<\/p>\n\n\n\n<p>Gegen Mittag radeln wir Lokalpolitiker nach Gundernhausen zum \u201eFest der Vielfalt\u201c. Dort protestiert ein breites B\u00fcndnis gegen eine Veranstaltung des v\u00f6lkischen Fl\u00fcgels der AfD. Wir GR\u00dcNE stehen daf\u00fcr, gemeinsam Verantwortung zu \u00fcbernehmen. Das hei\u00dft f\u00fcr uns, dass alle Menschen die gleichen Chancen und M\u00f6glichkeiten zur Entfaltung ihrer Pers\u00f6nlichkeit haben. Wer die AfD w\u00e4hlt, spricht z.B. behinderten Kindern das Menschenrecht auf inklusive Beschulung ab &#8211; unabh\u00e4ngig von Grad und Art ihrer Behinderung. Gemeinsam Verantwortung zu \u00fcbernehmen hei\u00dft f\u00fcr uns auch, dass das Leben erschwinglich bleibt. Der Klimawandel bedroht die Ern\u00e4hrungssicherheit, was Lebensmittel verteuert. Klimasch\u00e4den wie Starkregen f\u00fchren zu h\u00f6heren Versicherungspr\u00e4mien. Trotz nie dagewesener Naturkatastrophen h\u00e4lt die AfD die \u00c4ngste und Warnungen vor den Auswirkungen des Klimawandels f\u00fcr unn\u00f6tig und stark \u00fcbertrieben.<\/p>\n\n\n\n<p>Vielleicht sehen wir uns. Entweder aktiv im Gespr\u00e4ch am Wahlstand oder gemeinsam in der Menschenkette zwischen Gundernhausen und Ro\u00dfdorf.<br>Wer sich f\u00fcr unsere Arbeit interessiert ist herzlich eingeladen.<br><\/p>\n","protected":false},"excerpt":{"rendered":"<p>Am Samstag, dem 30. September wird es in Reinheim eine besondere Gelegenheit geben, sich aktiv an den politischen Geschehnissen zu beteiligen. Andreas Ewald, unser engagierter Direktkandidat der Gr\u00fcnen, wird ab [&hellip;]<\/p>\n","protected":false},"author":-1,"featured_media":2046,"comment_status":"open","ping_status":"open","sticky":false,"template":"","format":"standard","meta":{"footnotes":""},"categories":[16],"tags":[],"class_list":["post-2044","post","type-post","status-publish","format-standard","has-post-thumbnail","hentry","category-pressemitteilungen"],"_links":{"self":[{"href":"https:\/\/www.gruene-reinheim.de\/index.php?rest_route=\/wp\/v2\/posts\/2044","targetHints":{"allow":["GET"]}}],"collection":[{"href":"https:\/\/www.gruene-reinheim.de\/index.php?rest_route=\/wp\/v2\/posts"}],"about":[{"href":"https:\/\/www.gruene-reinheim.de\/index.php?rest_route=\/wp\/v2\/types\/post"}],"author":[{"embeddable":true,"href":"https:\/\/www.gruene-reinheim.de\/index.php?rest_route=\/wp\/v2\/users\/5"}],"replies":[{"embeddable":true,"href":"https:\/\/www.gruene-reinheim.de\/index.php?rest_route=%2Fwp%2Fv2%2Fcomments&post=2044"}],"version-history":[{"count":1,"href":"https:\/\/www.gruene-reinheim.de\/index.php?rest_route=\/wp\/v2\/posts\/2044\/revisions"}],"predecessor-version":[{"id":2045,"href":"https:\/\/www.gruene-reinheim.de\/index.php?rest_route=\/wp\/v2\/posts\/2044\/revisions\/2045"}],"wp:featuredmedia":[{"embeddable":true,"href":"https:\/\/www.gruene-reinheim.de\/index.php?rest_route=\/wp\/v2\/media\/2046"}],"wp:attachment":[{"href":"https:\/\/www.gruene-reinheim.de\/index.php?rest_route=%2Fwp%2Fv2%2Fmedia&parent=2044"}],"wp:term":[{"taxonomy":"category","embeddable":true,"href":"https:\/\/www.gruene-reinheim.de\/index.php?rest_route=%2Fwp%2Fv2%2Fcategories&post=2044"},{"taxonomy":"post_tag","embeddable":true,"href":"https:\/\/www.gruene-reinheim.de\/index.php?rest_route=%2Fwp%2Fv2%2Ftags&post=2044"}],"curies":[{"name":"wp","href":"https:\/\/api.w.org\/{rel}","templated":true}]}}