{"id":2038,"date":"2023-09-19T11:02:36","date_gmt":"2023-09-19T09:02:36","guid":{"rendered":"https:\/\/www.gruene-reinheim.de\/?p=2038"},"modified":"2023-09-19T11:05:44","modified_gmt":"2023-09-19T09:05:44","slug":"gruene-reinheim-beim-globalen-klimastreik-von-fridays-for-future-in-darmstadt","status":"publish","type":"post","link":"https:\/\/www.gruene-reinheim.de\/?p=2038","title":{"rendered":"GR\u00dcNE Reinheim beim globalen Klimastreik von Fridays for Future in Darmstadt."},"content":{"rendered":"\n<p class=\"has-text-align-left\"><strong><em>&#8211; Wann kommt das Klimaschutzkonzept f\u00fcr Reinheim?<\/em><\/strong><br><em>Am 15. September beteiligten wir uns am globalen Klimastreik von <\/em>von <em>Fridays for Future in Darmstadt. Denn wir GR\u00dcNE halten die Klimakrise f\u00fcr die gr\u00f6\u00dfte Herausforderung unserer Zeit.<br>Das Thema wird oft von den politisch Verantwortlichen verdr\u00e4ngt und wichtige Ma\u00dfnahmen, um das Klima zu stabilisieren verschleppt. So auch bei uns in Reinheim. Am 03.12.2019 beschloss die Stadtverordnetenversammlung, dass ein Klimaschutzkonzept erstellt werden soll. <strong>Nun nach 3,5 Jahren liegt immer noch kein Konzept vor.<\/strong> Es scheinen bei der Stadtregierung Reinheim die Einsicht und der notwendige Wille f\u00fcr ein solches Instrument zu fehlen und\/oder es besteht die Bef\u00fcrchtung, dass die Klimaschutzbem\u00fchungen \u00fcberpr\u00fcfbarer werden. Ein Klimaschutzmanager, der von der Koalition von SPD und CDU abgelehnt wurde, w\u00fcrde ein Klimaschutzkonzept sicher konsequent und vehementer voran treiben.<br>Wir w\u00fcnschen uns, dass es in diesem Jahr noch etwas wird mit dem Klimaschutzkonzept. Damit erhoffen wir uns einen thematischen und zeitlichen \u201eroten Faden\u201c f\u00fcr die Klimaschutzma\u00dfnahmen in Reinheim.<\/em><br><\/p>\n","protected":false},"excerpt":{"rendered":"<p>&#8211; Wann kommt das Klimaschutzkonzept f\u00fcr Reinheim?Am 15. September beteiligten wir uns am globalen Klimastreik von von Fridays for Future in Darmstadt. Denn wir GR\u00dcNE halten die Klimakrise f\u00fcr die [&hellip;]<\/p>\n","protected":false},"author":-1,"featured_media":2040,"comment_status":"open","ping_status":"open","sticky":false,"template":"","format":"standard","meta":{"footnotes":""},"categories":[1],"tags":[],"class_list":["post-2038","post","type-post","status-publish","format-standard","has-post-thumbnail","hentry","category-uncategorized"],"_links":{"self":[{"href":"https:\/\/www.gruene-reinheim.de\/index.php?rest_route=\/wp\/v2\/posts\/2038","targetHints":{"allow":["GET"]}}],"collection":[{"href":"https:\/\/www.gruene-reinheim.de\/index.php?rest_route=\/wp\/v2\/posts"}],"about":[{"href":"https:\/\/www.gruene-reinheim.de\/index.php?rest_route=\/wp\/v2\/types\/post"}],"author":[{"embeddable":true,"href":"https:\/\/www.gruene-reinheim.de\/index.php?rest_route=\/wp\/v2\/users\/5"}],"replies":[{"embeddable":true,"href":"https:\/\/www.gruene-reinheim.de\/index.php?rest_route=%2Fwp%2Fv2%2Fcomments&post=2038"}],"version-history":[{"count":2,"href":"https:\/\/www.gruene-reinheim.de\/index.php?rest_route=\/wp\/v2\/posts\/2038\/revisions"}],"predecessor-version":[{"id":2041,"href":"https:\/\/www.gruene-reinheim.de\/index.php?rest_route=\/wp\/v2\/posts\/2038\/revisions\/2041"}],"wp:featuredmedia":[{"embeddable":true,"href":"https:\/\/www.gruene-reinheim.de\/index.php?rest_route=\/wp\/v2\/media\/2040"}],"wp:attachment":[{"href":"https:\/\/www.gruene-reinheim.de\/index.php?rest_route=%2Fwp%2Fv2%2Fmedia&parent=2038"}],"wp:term":[{"taxonomy":"category","embeddable":true,"href":"https:\/\/www.gruene-reinheim.de\/index.php?rest_route=%2Fwp%2Fv2%2Fcategories&post=2038"},{"taxonomy":"post_tag","embeddable":true,"href":"https:\/\/www.gruene-reinheim.de\/index.php?rest_route=%2Fwp%2Fv2%2Ftags&post=2038"}],"curies":[{"name":"wp","href":"https:\/\/api.w.org\/{rel}","templated":true}]}}