{"id":2014,"date":"2023-07-18T18:10:37","date_gmt":"2023-07-18T16:10:37","guid":{"rendered":"https:\/\/www.gruene-reinheim.de\/?p=2014"},"modified":"2023-07-18T18:12:24","modified_gmt":"2023-07-18T16:12:24","slug":"nachruf-fuer-paul-august-wagner-mitbegruender-der-reinheimer-gruenen","status":"publish","type":"post","link":"https:\/\/www.gruene-reinheim.de\/?p=2014","title":{"rendered":"Nachruf f\u00fcr Paul August Wagner \u2013 Mitbegr\u00fcnder der Reinheimer Gr\u00fcnen"},"content":{"rendered":"\n<p>Am 27. Juni 2023 ist Paul im Alter von 88 Jahren von uns gegangen. Sein Leben galt der Kunst und der Musik. Seine Vorliebe war damals die Fertigung von menschlichen Figuren aus Ton und Kleidungsst\u00fccken die viele zun\u00e4chst f\u00fcr echte Menschen hielten. In seine Reinheimer Zeit Anfangs der 80-er Jahre fiel auch der Bau eines 4-Meter-Windrades mit einer kleinen Gruppe aus der die Reinheimer Gr\u00fcnen hervorgingen. Die ersten Gr\u00fcnen Bl\u00e4dchen zieren seine Grafiken.<\/p>\n\n\n\n<p>Danach lebte er lange in Seckach, wo er einen kleinen Wald mit seinen Skulpturen schm\u00fcckte.<\/p>\n\n\n\n<p>Zu Himmelfahrt organsierte er gern einen Jazz-Fr\u00fchschoppen. Im Alter wohnte er mit Ehefrau Marinne bei seiner Tochter nahe Breuberg. Hier zeugen Sandsteinskulpturen im Kurpark Bad K\u00f6nig und eine Werkst\u00e4tte mit Bildhauerkursen von Wirken Pauls und seiner Frau Marianne.<\/p>\n\n\n\n<p>Bis vor einigen Monaten f\u00fcllte er mit der Musik-Gruppe \u201eDie Drei vom Lande\u201c jeden zweiten Mittwoch das KurCafe Bad K\u00f6nig.<\/p>\n\n\n\n<p>Seine unerm\u00fcdliche Energie galt Werten jenseits von Geld und Macht, die uns Menschen f\u00fcr unser Wohlbefinden eigentlich wichtiger sein sollten.<\/p>\n","protected":false},"excerpt":{"rendered":"<p>Am 27. Juni 2023 ist Paul im Alter von 88 Jahren von uns gegangen. Sein Leben galt der Kunst und der Musik. Seine Vorliebe war damals die Fertigung von menschlichen [&hellip;]<\/p>\n","protected":false},"author":-1,"featured_media":2015,"comment_status":"open","ping_status":"open","sticky":false,"template":"","format":"standard","meta":{"footnotes":""},"categories":[16],"tags":[],"class_list":["post-2014","post","type-post","status-publish","format-standard","has-post-thumbnail","hentry","category-pressemitteilungen"],"_links":{"self":[{"href":"https:\/\/www.gruene-reinheim.de\/index.php?rest_route=\/wp\/v2\/posts\/2014","targetHints":{"allow":["GET"]}}],"collection":[{"href":"https:\/\/www.gruene-reinheim.de\/index.php?rest_route=\/wp\/v2\/posts"}],"about":[{"href":"https:\/\/www.gruene-reinheim.de\/index.php?rest_route=\/wp\/v2\/types\/post"}],"author":[{"embeddable":true,"href":"https:\/\/www.gruene-reinheim.de\/index.php?rest_route=\/wp\/v2\/users\/5"}],"replies":[{"embeddable":true,"href":"https:\/\/www.gruene-reinheim.de\/index.php?rest_route=%2Fwp%2Fv2%2Fcomments&post=2014"}],"version-history":[{"count":1,"href":"https:\/\/www.gruene-reinheim.de\/index.php?rest_route=\/wp\/v2\/posts\/2014\/revisions"}],"predecessor-version":[{"id":2016,"href":"https:\/\/www.gruene-reinheim.de\/index.php?rest_route=\/wp\/v2\/posts\/2014\/revisions\/2016"}],"wp:featuredmedia":[{"embeddable":true,"href":"https:\/\/www.gruene-reinheim.de\/index.php?rest_route=\/wp\/v2\/media\/2015"}],"wp:attachment":[{"href":"https:\/\/www.gruene-reinheim.de\/index.php?rest_route=%2Fwp%2Fv2%2Fmedia&parent=2014"}],"wp:term":[{"taxonomy":"category","embeddable":true,"href":"https:\/\/www.gruene-reinheim.de\/index.php?rest_route=%2Fwp%2Fv2%2Fcategories&post=2014"},{"taxonomy":"post_tag","embeddable":true,"href":"https:\/\/www.gruene-reinheim.de\/index.php?rest_route=%2Fwp%2Fv2%2Ftags&post=2014"}],"curies":[{"name":"wp","href":"https:\/\/api.w.org\/{rel}","templated":true}]}}