{"id":1958,"date":"2023-05-31T19:31:13","date_gmt":"2023-05-31T17:31:13","guid":{"rendered":"https:\/\/www.gruene-reinheim.de\/?p=1958"},"modified":"2023-06-14T21:10:37","modified_gmt":"2023-06-14T19:10:37","slug":"waermepumpe-und-pv-geht-sogar-im-eigenbau","status":"publish","type":"post","link":"https:\/\/www.gruene-reinheim.de\/?p=1958","title":{"rendered":"\u00a0\u201eW\u00e4rmepumpe und PV &#8211; Geht sogar im Eigenbau\u201d."},"content":{"rendered":"\n<p>Die GR\u00dcNEN Reinheim laden Sie herzlich ein zu unserer spannenden Informationsveranstaltung<\/p>\n\n\n\n<p>&nbsp;\u201e<strong>W\u00e4rmepumpe und PV &#8211; Geht sogar im Eigenbau<\/strong>\u201d.<\/p>\n\n\n\n<p><strong>Am 15.06.2023&nbsp; um 19:00 Uhr in den \u201eK\u00fchler Grund\u201c (Saal)<\/strong><\/p>\n\n\n\n<p><strong>Heinrichstra\u00dfe&nbsp; &nbsp;17, &nbsp;64354 Reinheim<br><br><\/strong>Entdecken Sie die Vorteile und M\u00f6glichkeiten der selbstgebauten Photovoltaikanlagen und der Eigeninstallation von W\u00e4rmepumpen. Erfahren Sie, wie Sie Ihre W\u00e4rme- und Energieversorgung effizient und umweltfreundlich gestalten k\u00f6nnen. In dieser Veranstaltung bieten wir Ihnen einen Einblick in die Funktionsweise dieser Systeme und erkl\u00e4ren Ihnen, wie Sie diese in Ihrem Eigenheim installieren und nutzen k\u00f6nnen.<\/p>\n\n\n\n<p>Egal, ob Sie bereits \u00fcber Erfahrung verf\u00fcgen oder einfach nur neugierig sind, wie Sie Ihren eigenen Beitrag zur Energiewende leisten k\u00f6nnen, auf beides gehen wir ein. Unsere Experten werden Ihnen praxisnahe Tipps und Tricks geben, um den Bau und die Installation von W\u00e4rmepumpen und PV-Anlagen erfolgreich umzusetzen.<\/p>\n\n\n\n<p>Harald Buchberger wird kurz \u00fcber die Einsatzm\u00f6glichkeiten von <strong>Steckersolarger\u00e4ten\/Balkonkraftwerken <\/strong>informieren. Diese kleinen Photovoltaikanlagen liefern bis zu 600 Watt f\u00fcr den Eigenverbrauch und sind meist unkompliziert zu installieren.<\/p>\n\n\n\n<p>Wer gleich im Kilowattbereich (Dachanlage) anfangen will, kann sich auf den Vortrag von Michael Kilian freuen. Er wird \u00fcber <strong>Photovoltaikanlagen mit Stromspeichern im Eigenbau<\/strong> sprechen.<\/p>\n\n\n\n<p>Um den Abend komplett zu machen, spricht Wulf Kraneis \u00fcber <strong>W\u00e4rmepumpen.<\/strong> Auch hier kann mehr in Eigenleistung erbracht werden, als man denkt.<\/p>\n\n\n\n<p>Freuen Sie sich auf drei informative Vortr\u00e4ge und die M\u00f6glichkeit, Ihre grunds\u00e4tzlichen Fragen direkt an unsere Experten zu stellen. Tauchen Sie ein in die Welt der erneuerbaren Energien und erfahren Sie, wie Sie Kosten sparen und gleichzeitig die Umwelt sch\u00fctzen k\u00f6nnen.<\/p>\n\n\n\n<p>F\u00fcr konkrete individuelle Fragen ist eine <strong>Folgeveranstaltung<\/strong> geplant.<\/p>\n\n\n\n<p>Au\u00dferdem, geben wir den Teilnehmern die M\u00f6glichkeit sich in <strong>Selbsthilfegruppen<\/strong> zu organisieren. Jeder bringt sein Wissen und seine F\u00e4higkeiten ein- so kann es gelingen!<\/p>\n\n\n\n<p><strong>Wir freuen uns auf Ihre Teilnahme!<\/strong><\/p>\n\n\n\n<p class=\"has-vivid-green-cyan-color has-text-color has-medium-font-size\"><strong>F\u00fcr weitere Informationen geht <a href=\"https:\/\/www.gruene-reinheim.de\/?page_id=1967\">hier<\/a> weiter!<\/strong><\/p>\n","protected":false},"excerpt":{"rendered":"<p>Die GR\u00dcNEN Reinheim laden Sie herzlich ein zu unserer spannenden Informationsveranstaltung &nbsp;\u201eW\u00e4rmepumpe und PV &#8211; Geht sogar im Eigenbau\u201d. Am 15.06.2023&nbsp; um 19:00 Uhr in den \u201eK\u00fchler Grund\u201c (Saal) Heinrichstra\u00dfe&nbsp; [&hellip;]<\/p>\n","protected":false},"author":-1,"featured_media":1962,"comment_status":"open","ping_status":"open","sticky":false,"template":"","format":"standard","meta":{"footnotes":""},"categories":[15],"tags":[],"class_list":["post-1958","post","type-post","status-publish","format-standard","has-post-thumbnail","hentry","category-natur-klima"],"_links":{"self":[{"href":"https:\/\/www.gruene-reinheim.de\/index.php?rest_route=\/wp\/v2\/posts\/1958","targetHints":{"allow":["GET"]}}],"collection":[{"href":"https:\/\/www.gruene-reinheim.de\/index.php?rest_route=\/wp\/v2\/posts"}],"about":[{"href":"https:\/\/www.gruene-reinheim.de\/index.php?rest_route=\/wp\/v2\/types\/post"}],"author":[{"embeddable":true,"href":"https:\/\/www.gruene-reinheim.de\/index.php?rest_route=\/wp\/v2\/users\/5"}],"replies":[{"embeddable":true,"href":"https:\/\/www.gruene-reinheim.de\/index.php?rest_route=%2Fwp%2Fv2%2Fcomments&post=1958"}],"version-history":[{"count":4,"href":"https:\/\/www.gruene-reinheim.de\/index.php?rest_route=\/wp\/v2\/posts\/1958\/revisions"}],"predecessor-version":[{"id":1978,"href":"https:\/\/www.gruene-reinheim.de\/index.php?rest_route=\/wp\/v2\/posts\/1958\/revisions\/1978"}],"wp:featuredmedia":[{"embeddable":true,"href":"https:\/\/www.gruene-reinheim.de\/index.php?rest_route=\/wp\/v2\/media\/1962"}],"wp:attachment":[{"href":"https:\/\/www.gruene-reinheim.de\/index.php?rest_route=%2Fwp%2Fv2%2Fmedia&parent=1958"}],"wp:term":[{"taxonomy":"category","embeddable":true,"href":"https:\/\/www.gruene-reinheim.de\/index.php?rest_route=%2Fwp%2Fv2%2Fcategories&post=1958"},{"taxonomy":"post_tag","embeddable":true,"href":"https:\/\/www.gruene-reinheim.de\/index.php?rest_route=%2Fwp%2Fv2%2Ftags&post=1958"}],"curies":[{"name":"wp","href":"https:\/\/api.w.org\/{rel}","templated":true}]}}