{"id":1951,"date":"2023-05-09T10:48:49","date_gmt":"2023-05-09T08:48:49","guid":{"rendered":"https:\/\/www.gruene-reinheim.de\/?p=1951"},"modified":"2023-05-09T11:05:25","modified_gmt":"2023-05-09T09:05:25","slug":"wechsel-im-vorstand-bei-buendnis-90-die-gruenen-reinheim","status":"publish","type":"post","link":"https:\/\/www.gruene-reinheim.de\/?p=1951","title":{"rendered":"Wechsel im Vorstand bei B\u00fcndnis 90\/Die GR\u00dcNEN Reinheim"},"content":{"rendered":"\n<p>Am 04. Mai trafen sich die GR\u00dcNEN Reinheim zur j\u00e4hrlichen Mitgliederversammlung.<br>Nach Ausscheiden des langj\u00e4hrigen Vorstandssprechers Hans Menningmann und der Beisitzerin Marieluiese Hausch, w\u00e4hlten die Mitglieder <strong>Florian Darmst\u00e4dter zum Vorstandssprecher <\/strong>und <strong>Barbara Kirchhof zur Beisitzerin<\/strong>. Der Vorstand besteht nun aus den beiden Sprechern Schimon Porcher, Florian Darmst\u00e4dter und den Beisitzer*innen: Barbara Kirchhof, Harald Buchberger und G\u00fcnter Six f\u00fcr Finanzen.<\/p>\n\n\n\n<p>Au\u00dferdem reflektierte der Ortsverband die Aktivit\u00e4ten und die parlamentarische Arbeit in den Gremien des vergangenen Jahres. Eine rege Diskussion entstand zu den Herausforderungen f\u00fcr das laufende Jahr, hier steht auch die Landtagswahl im Oktober 2023 im Fokus.<br>Betont wurde unsere <strong>Verantwortung f\u00fcr den Klimaschutz in Reinheim.<\/strong><\/p>\n","protected":false},"excerpt":{"rendered":"<p>Am 04. Mai trafen sich die GR\u00dcNEN Reinheim zur j\u00e4hrlichen Mitgliederversammlung.Nach Ausscheiden des langj\u00e4hrigen Vorstandssprechers Hans Menningmann und der Beisitzerin Marieluiese Hausch, w\u00e4hlten die Mitglieder Florian Darmst\u00e4dter zum Vorstandssprecher und [&hellip;]<\/p>\n","protected":false},"author":-1,"featured_media":1952,"comment_status":"open","ping_status":"open","sticky":false,"template":"","format":"standard","meta":{"footnotes":""},"categories":[16],"tags":[],"class_list":["post-1951","post","type-post","status-publish","format-standard","has-post-thumbnail","hentry","category-pressemitteilungen"],"_links":{"self":[{"href":"https:\/\/www.gruene-reinheim.de\/index.php?rest_route=\/wp\/v2\/posts\/1951","targetHints":{"allow":["GET"]}}],"collection":[{"href":"https:\/\/www.gruene-reinheim.de\/index.php?rest_route=\/wp\/v2\/posts"}],"about":[{"href":"https:\/\/www.gruene-reinheim.de\/index.php?rest_route=\/wp\/v2\/types\/post"}],"author":[{"embeddable":true,"href":"https:\/\/www.gruene-reinheim.de\/index.php?rest_route=\/wp\/v2\/users\/5"}],"replies":[{"embeddable":true,"href":"https:\/\/www.gruene-reinheim.de\/index.php?rest_route=%2Fwp%2Fv2%2Fcomments&post=1951"}],"version-history":[{"count":2,"href":"https:\/\/www.gruene-reinheim.de\/index.php?rest_route=\/wp\/v2\/posts\/1951\/revisions"}],"predecessor-version":[{"id":1954,"href":"https:\/\/www.gruene-reinheim.de\/index.php?rest_route=\/wp\/v2\/posts\/1951\/revisions\/1954"}],"wp:featuredmedia":[{"embeddable":true,"href":"https:\/\/www.gruene-reinheim.de\/index.php?rest_route=\/wp\/v2\/media\/1952"}],"wp:attachment":[{"href":"https:\/\/www.gruene-reinheim.de\/index.php?rest_route=%2Fwp%2Fv2%2Fmedia&parent=1951"}],"wp:term":[{"taxonomy":"category","embeddable":true,"href":"https:\/\/www.gruene-reinheim.de\/index.php?rest_route=%2Fwp%2Fv2%2Fcategories&post=1951"},{"taxonomy":"post_tag","embeddable":true,"href":"https:\/\/www.gruene-reinheim.de\/index.php?rest_route=%2Fwp%2Fv2%2Ftags&post=1951"}],"curies":[{"name":"wp","href":"https:\/\/api.w.org\/{rel}","templated":true}]}}