{"id":1919,"date":"2023-04-09T14:09:18","date_gmt":"2023-04-09T12:09:18","guid":{"rendered":"https:\/\/www.gruene-reinheim.de\/?p=1919"},"modified":"2023-04-09T14:10:56","modified_gmt":"2023-04-09T12:10:56","slug":"buergermeister-m-feick-gibt-das-steckersolar-geraet-wegen-rechtlicher-bedenken-zurueck","status":"publish","type":"post","link":"https:\/\/www.gruene-reinheim.de\/?p=1919","title":{"rendered":"B\u00fcrgermeister gibt das Steckersolar-Ger\u00e4t wegen rechtlicher Bedenken zur\u00fcck"},"content":{"rendered":"\n<p>Wie in der letzten Woche berichtet, schenkten wir der Stadt Reinheim am vergangenen Sonntag ein Steckersolar-Ger\u00e4t. Wir GR\u00dcNE bedauern sehr, dass B\u00fcrgermeister M. Feick das Steckersolar-Ger\u00e4t wegen vermeintlich rechtlicher Vorgaben zur\u00fcck gibt.<br>Die konkreten rechtlichen Bedenken kennen wir bisher nicht.<\/p>\n\n\n\n<p>Mit dem Geschenk wollten wir die Vorbildfunktion der Stadt nutzen und verdeutlichen, dass jeder Einzelne etwas f\u00fcr den Umweltschutz tun kann. Wir sind \u00fcber die R\u00fcckgabe sehr verwundert, da M. Feick dieses \u201eSolarmodul\u201c zun\u00e4chst mit Freude entgegengenommen hatte.<\/p>\n\n\n\n<p>Wir werden nun das Steckersolar-Ger\u00e4t einer ortsans\u00e4ssigen karitativen Organisation schenken. Diese wird sich sicher freuen, damit Stromkosten einzusparen und etwas zum Klimaschutz beitragen zu k\u00f6nnen. Bekanntlich mahnt die Wissenschaft eindringlich: die Erderw\u00e4rmung muss JETZT gestoppt werden, um unsere Lebensgrundlagen zu erhalten. Die Klimakrise liegt nicht vor uns, sondern wir befinden uns mitten drin!<br>Wir alle k\u00f6nnen etwas f\u00fcr das Klima tun,&nbsp; auf&nbsp; allen Ebenen:&nbsp; Bund, L\u00e4nder und Kommunen und jede\/r Einzelne.<br><\/p>\n","protected":false},"excerpt":{"rendered":"<p>Wie in der letzten Woche berichtet, schenkten wir der Stadt Reinheim am vergangenen Sonntag ein Steckersolar-Ger\u00e4t. Wir GR\u00dcNE bedauern sehr, dass B\u00fcrgermeister M. Feick das Steckersolar-Ger\u00e4t wegen vermeintlich rechtlicher Vorgaben [&hellip;]<\/p>\n","protected":false},"author":-1,"featured_media":1921,"comment_status":"open","ping_status":"open","sticky":false,"template":"","format":"standard","meta":{"footnotes":""},"categories":[15],"tags":[],"class_list":["post-1919","post","type-post","status-publish","format-standard","has-post-thumbnail","hentry","category-natur-klima"],"_links":{"self":[{"href":"https:\/\/www.gruene-reinheim.de\/index.php?rest_route=\/wp\/v2\/posts\/1919","targetHints":{"allow":["GET"]}}],"collection":[{"href":"https:\/\/www.gruene-reinheim.de\/index.php?rest_route=\/wp\/v2\/posts"}],"about":[{"href":"https:\/\/www.gruene-reinheim.de\/index.php?rest_route=\/wp\/v2\/types\/post"}],"author":[{"embeddable":true,"href":"https:\/\/www.gruene-reinheim.de\/index.php?rest_route=\/wp\/v2\/users\/5"}],"replies":[{"embeddable":true,"href":"https:\/\/www.gruene-reinheim.de\/index.php?rest_route=%2Fwp%2Fv2%2Fcomments&post=1919"}],"version-history":[{"count":2,"href":"https:\/\/www.gruene-reinheim.de\/index.php?rest_route=\/wp\/v2\/posts\/1919\/revisions"}],"predecessor-version":[{"id":1923,"href":"https:\/\/www.gruene-reinheim.de\/index.php?rest_route=\/wp\/v2\/posts\/1919\/revisions\/1923"}],"wp:featuredmedia":[{"embeddable":true,"href":"https:\/\/www.gruene-reinheim.de\/index.php?rest_route=\/wp\/v2\/media\/1921"}],"wp:attachment":[{"href":"https:\/\/www.gruene-reinheim.de\/index.php?rest_route=%2Fwp%2Fv2%2Fmedia&parent=1919"}],"wp:term":[{"taxonomy":"category","embeddable":true,"href":"https:\/\/www.gruene-reinheim.de\/index.php?rest_route=%2Fwp%2Fv2%2Fcategories&post=1919"},{"taxonomy":"post_tag","embeddable":true,"href":"https:\/\/www.gruene-reinheim.de\/index.php?rest_route=%2Fwp%2Fv2%2Ftags&post=1919"}],"curies":[{"name":"wp","href":"https:\/\/api.w.org\/{rel}","templated":true}]}}