{"id":1914,"date":"2023-04-03T14:32:55","date_gmt":"2023-04-03T12:32:55","guid":{"rendered":"https:\/\/www.gruene-reinheim.de\/?p=1914"},"modified":"2023-04-03T14:33:56","modified_gmt":"2023-04-03T12:33:56","slug":"gruene-reinheim-schenken-der-stadt-ein-solarmodul","status":"publish","type":"post","link":"https:\/\/www.gruene-reinheim.de\/?p=1914","title":{"rendered":"Gr\u00fcne Reinheim schenken der Stadt ein Solarmodul"},"content":{"rendered":"\n<p>Die Reinheimer GR\u00dcNEN setzen ein Zeichen f\u00fcr den Klimaschutz und die F\u00f6rderung nachhaltiger Energieversorgung in Reinheim. Beim Fr\u00fchlingsempfang am 2. April 2023 \u00fcbergeben sie der Stadt Reinheim symbolisch ein Steckersolar-Ger\u00e4t.<\/p>\n\n\n\n<p>Derzeit liegt die Eigenversorgung der Stadt mit Solar-Strom noch bei unter 10%. im Durchschnitt seit ca. zwei Jahren &#8211; es gibt einige wenige einzelne erfreuliche Ausrei\u00dfer nach oben an Sommer-Sonnentagen, aber die durchschnittliche Eigenversorgung hat noch sehr viel Luft nach oben.<\/p>\n\n\n\n<p>Schauen Sie hier: (<a href=\"https:\/\/energiewendemonitor.entega.ag\/reinheim\">https:\/\/energiewendemonitor.entega.ag\/reinheim<\/a>)&nbsp;<\/p>\n\n\n\n<p>Die \u00dcbergabe des Ger\u00e4ts fand im Rahmen des Fr\u00fchlingssempfangs der Stadt Reinheim am Sonntag im Foyer des Heinrich-Klein-Saales statt. Die GR\u00dcNEN haben das Steckersolar-Ger\u00e4t vor Ort pr\u00e4sentiert und als Geschenk an die Stadt \u00fcbergeben.&nbsp; B\u00fcrgermeister Manuel Feick hat es erfreut entgegengenommen.<\/p>\n\n\n\n<p>Das Steckersolar-Ger\u00e4t ist eine Photovoltaikanlage, die an eine herk\u00f6mmliche Steckdose angeschlossen werden kann. Damit k\u00f6nnen Privathaushalte und Gewerbetreibende umweltfreundliche Energie direkt vor Ort erzeugen und nutzen.<\/p>\n\n\n\n<p>Jeder Einzelne kann etwas f\u00fcr den Klimaschutz tun. Jedes Kilowatt-Solarstrom ist ein Schritt weg von fossilen Brennstoffen, von hohen Preisen und Versorgungsengp\u00e4ssen. Die Stadtverwaltung kann jetzt direkt mit dem Rathaus als gutes Vorbild vorangehen.&nbsp;<\/p>\n\n\n\n<p>Bei allen \u00f6ffentlichen Geb\u00e4uden und insbesondere bei allen Sanierungen und Neubauten ist es m\u00f6glich und notwendig maximale Nutzung von Solarenergie zu installieren.<\/p>\n\n\n\n<p>Die Reinheimer GR\u00dcNEN setzen sich seit Jahren f\u00fcr den Klimaschutz und die F\u00f6rderung nachhaltiger Energieversorgung ein. Sie engagieren sich f\u00fcr den Ausbau erneuerbarer Energien, den Ausstieg aus fossilen Brennstoffen und die Umstellung auf umweltfreundliche Mobilit\u00e4t. Mit der \u00dcbergabe des Steckersolar-Ger\u00e4ts m\u00f6chten sie ein konkretes Beispiel daf\u00fcr geben, wie die Stadt als Vorbild vorangehen kann.<\/p>\n","protected":false},"excerpt":{"rendered":"<p>Die Reinheimer GR\u00dcNEN setzen ein Zeichen f\u00fcr den Klimaschutz und die F\u00f6rderung nachhaltiger Energieversorgung in Reinheim. Beim Fr\u00fchlingsempfang am 2. April 2023 \u00fcbergeben sie der Stadt Reinheim symbolisch ein Steckersolar-Ger\u00e4t. [&hellip;]<\/p>\n","protected":false},"author":-1,"featured_media":1916,"comment_status":"open","ping_status":"open","sticky":false,"template":"","format":"standard","meta":{"footnotes":""},"categories":[15],"tags":[],"class_list":["post-1914","post","type-post","status-publish","format-standard","has-post-thumbnail","hentry","category-natur-klima"],"_links":{"self":[{"href":"https:\/\/www.gruene-reinheim.de\/index.php?rest_route=\/wp\/v2\/posts\/1914","targetHints":{"allow":["GET"]}}],"collection":[{"href":"https:\/\/www.gruene-reinheim.de\/index.php?rest_route=\/wp\/v2\/posts"}],"about":[{"href":"https:\/\/www.gruene-reinheim.de\/index.php?rest_route=\/wp\/v2\/types\/post"}],"author":[{"embeddable":true,"href":"https:\/\/www.gruene-reinheim.de\/index.php?rest_route=\/wp\/v2\/users\/5"}],"replies":[{"embeddable":true,"href":"https:\/\/www.gruene-reinheim.de\/index.php?rest_route=%2Fwp%2Fv2%2Fcomments&post=1914"}],"version-history":[{"count":2,"href":"https:\/\/www.gruene-reinheim.de\/index.php?rest_route=\/wp\/v2\/posts\/1914\/revisions"}],"predecessor-version":[{"id":1917,"href":"https:\/\/www.gruene-reinheim.de\/index.php?rest_route=\/wp\/v2\/posts\/1914\/revisions\/1917"}],"wp:featuredmedia":[{"embeddable":true,"href":"https:\/\/www.gruene-reinheim.de\/index.php?rest_route=\/wp\/v2\/media\/1916"}],"wp:attachment":[{"href":"https:\/\/www.gruene-reinheim.de\/index.php?rest_route=%2Fwp%2Fv2%2Fmedia&parent=1914"}],"wp:term":[{"taxonomy":"category","embeddable":true,"href":"https:\/\/www.gruene-reinheim.de\/index.php?rest_route=%2Fwp%2Fv2%2Fcategories&post=1914"},{"taxonomy":"post_tag","embeddable":true,"href":"https:\/\/www.gruene-reinheim.de\/index.php?rest_route=%2Fwp%2Fv2%2Ftags&post=1914"}],"curies":[{"name":"wp","href":"https:\/\/api.w.org\/{rel}","templated":true}]}}