{"id":1908,"date":"2023-03-28T11:30:01","date_gmt":"2023-03-28T09:30:01","guid":{"rendered":"https:\/\/www.gruene-reinheim.de\/?p=1908"},"modified":"2023-04-03T14:34:44","modified_gmt":"2023-04-03T12:34:44","slug":"gut-gelaufen-spaziergang-mit-den-reinheimer-gruenen","status":"publish","type":"post","link":"https:\/\/www.gruene-reinheim.de\/?p=1908","title":{"rendered":"Gut gelaufen: Spaziergang mit den Reinheimer GR\u00dcNEN\u00a0\u00a0\u00a0\u00a0\u00a0\u00a0\u00a0\u00a0\u00a0\u00a0\u00a0\u00a0\u00a0\u00a0\u00a0\u00a0\u00a0\u00a0\u00a0\u00a0\u00a0\u00a0\u00a0\u00a0\u00a0\u00a0\u00a0\u00a0\u00a0\u00a0"},"content":{"rendered":"\n<p>Zahlreiche Interessierte konnten sich beim Spaziergang ein Bild von der gr\u00fcnen Politik in Reinheim machen. \u201eDie Sonne hilft uns nicht nur bei der Energiewende, sie unterst\u00fctzt uns auch heute bei der Wanderung\u201d, freute sich Schimon Porcher, der neue Sprecher der Reinheimer GR\u00dcNEN.<\/p>\n\n\n\n<p>Vom Schwimmbad aus wanderten wir zun\u00e4chst auf dem Rad- und Fu\u00dfweg auf dem alten Bahndamm in Richtung des Reinheimer Teichs. Die Wurzeln der B\u00e4ume haben den Radweg an an einigen Stellen aufgeworfen. Im Rahmen einer Flurbereinigung ist wohl geplant den Weg zu erneuern und wieder zu asphaltieren. Dazu m\u00fcssten alle B\u00e4ume auf dem Dammweg entfernt werden. Die Reinheimer GR\u00dcNEN hingegen sprechen sich f\u00fcr die Verwendung von Mineralbeton aus. So k\u00f6nnen die B\u00e4ume stehen bleiben, denn gerade im Sommer ist an dieser Stelle Schatten bitter n\u00f6tig. Wir setzen uns ebenfalls daf\u00fcr ein, dass der Fahrradweg auf den breiteren Wirtschaftsweg verlegt wird. Diese Verkehrsf\u00fchrung schafft mehr Sicherheit f\u00fcr alle Verkehrsteilnehmer*innen.<\/p>\n\n\n\n<p>Wir diskutierten w\u00e4hrend der Wanderung mit unseren Kandidaten f\u00fcr die Landtagswahl im Oktober. Besonders sch\u00f6n war, dass nicht nur Andreas Ewald aus unserem Wahlkreis 50 dabei war, sondern auch Annette Huber aus dem benachbarten Wahlkreis 52. Die beiden GR\u00dcNEN nehmen unsere Ideen mit nach Wiesbaden und in die Landespolitik.<\/p>\n\n\n\n<p>Am Reinheimer Teich erl\u00e4uterte Florian Darmst\u00e4dter die Klimaprognosen bis 2050 f\u00fcr unseren Landkreis. Die steigenden Temperaturen bedrohen Tiere und Pflanzen im Naturschutzgebiet, und sie kosten die Reinheimer Geld: Dank den Ehrenamtlichen der Freiwilligen Feuerwehr und den Angestellten des Bauhofs konnte der Reinheimer Teich ein Vierteljahr lang mit Sauerstoff angereichert werden. Dar\u00fcber hinaus war der Rundweg zeitweise f\u00fcr Besucher gesperrt.<\/p>\n\n\n\n<p>2019 hat die Stadt Reinheim den Klimanotstand ausgerufen, passiert ist seither wenig. Aktuell verschiebt unser B\u00fcrgermeister M. Feick seine Verantwortung zur Verwaltung, wenn er von einer Querschnittsaufgabe f\u00fcr alle spricht. Soll jede Abteilung im Rathaus die umfangreichen Klimaprognosen studieren und Ma\u00dfnahmen daraus ableiten? Wir GR\u00dcNE fordern seit 2019 einen Ausschuss f\u00fcr Klimafragen und eine Stelle f\u00fcr das Klimamanagement. \u00dcbrigens: In den Nachbarkommunen gibt es l\u00e4ngst ein \u00f6ffentlich einsehbares Klimaschutz-Konzept mit benannten Zielen und auch Zwischenzielen und die Klimamanger*innen organisieren bereits flei\u00dfig die&nbsp; notwendigen&nbsp; Aufgaben.<\/p>\n\n\n\n<p>Die letzte Station war die Naturschutzscheune. Hier erz\u00e4hlte Fritz Fornoff unterhaltsam zur Historie und den aktuellen Stand der Naturschutzscheune sowie \u00fcber invasive Pflanzen und Tiere. Er beobachtet ebenfalls eine gro\u00dfe Bereitschaft f\u00fcr ehrenamtliches Engagement. Die Natur ist also eine Herzensangelegenheit f\u00fcr uns in Reinheim.<\/p>\n\n\n\n<p>Wir GR\u00dcNEN haben ein existenzielles Ziel: Die Klimakatastrophe verhindern.<br>Unsere Ideen und L\u00f6sungen diskutieren wir in geraden Kalenderwochen donnerstags, 20:00 Uhr im Hofgut. &nbsp;&nbsp;&nbsp;&nbsp;&nbsp;&nbsp;&nbsp;&nbsp;&nbsp;&nbsp;&nbsp;&nbsp;<\/p>\n\n\n\n<p>Alle Interessierten sind eingeladen!<\/p>\n","protected":false},"excerpt":{"rendered":"<p>Zahlreiche Interessierte konnten sich beim Spaziergang ein Bild von der gr\u00fcnen Politik in Reinheim machen. \u201eDie Sonne hilft uns nicht nur bei der Energiewende, sie unterst\u00fctzt uns auch heute bei [&hellip;]<\/p>\n","protected":false},"author":-1,"featured_media":1910,"comment_status":"open","ping_status":"open","sticky":false,"template":"","format":"standard","meta":{"footnotes":""},"categories":[15],"tags":[],"class_list":["post-1908","post","type-post","status-publish","format-standard","has-post-thumbnail","hentry","category-natur-klima"],"_links":{"self":[{"href":"https:\/\/www.gruene-reinheim.de\/index.php?rest_route=\/wp\/v2\/posts\/1908","targetHints":{"allow":["GET"]}}],"collection":[{"href":"https:\/\/www.gruene-reinheim.de\/index.php?rest_route=\/wp\/v2\/posts"}],"about":[{"href":"https:\/\/www.gruene-reinheim.de\/index.php?rest_route=\/wp\/v2\/types\/post"}],"author":[{"embeddable":true,"href":"https:\/\/www.gruene-reinheim.de\/index.php?rest_route=\/wp\/v2\/users\/5"}],"replies":[{"embeddable":true,"href":"https:\/\/www.gruene-reinheim.de\/index.php?rest_route=%2Fwp%2Fv2%2Fcomments&post=1908"}],"version-history":[{"count":1,"href":"https:\/\/www.gruene-reinheim.de\/index.php?rest_route=\/wp\/v2\/posts\/1908\/revisions"}],"predecessor-version":[{"id":1909,"href":"https:\/\/www.gruene-reinheim.de\/index.php?rest_route=\/wp\/v2\/posts\/1908\/revisions\/1909"}],"wp:featuredmedia":[{"embeddable":true,"href":"https:\/\/www.gruene-reinheim.de\/index.php?rest_route=\/wp\/v2\/media\/1910"}],"wp:attachment":[{"href":"https:\/\/www.gruene-reinheim.de\/index.php?rest_route=%2Fwp%2Fv2%2Fmedia&parent=1908"}],"wp:term":[{"taxonomy":"category","embeddable":true,"href":"https:\/\/www.gruene-reinheim.de\/index.php?rest_route=%2Fwp%2Fv2%2Fcategories&post=1908"},{"taxonomy":"post_tag","embeddable":true,"href":"https:\/\/www.gruene-reinheim.de\/index.php?rest_route=%2Fwp%2Fv2%2Ftags&post=1908"}],"curies":[{"name":"wp","href":"https:\/\/api.w.org\/{rel}","templated":true}]}}