{"id":1733,"date":"2022-03-28T12:39:12","date_gmt":"2022-03-28T10:39:12","guid":{"rendered":"https:\/\/www.gruene-reinheim.de\/?p=1733"},"modified":"2022-03-28T12:57:12","modified_gmt":"2022-03-28T10:57:12","slug":"baeume-fuer-natur-und-klima","status":"publish","type":"post","link":"https:\/\/www.gruene-reinheim.de\/?p=1733","title":{"rendered":"B\u00e4ume f\u00fcr Natur und Klima"},"content":{"rendered":"\n<p><\/p>\n\n\n\n<p>Letzte Woche Freitag und Samstag pflanzten die Reinheimer GR\u00dcNEN rund 300 kleine Ahorn- und Eichenb\u00e4umchen, um dem arg gebeutelten Wald wieder neue Kraft zu geben. Trockenheit, Sturm und Borkenk\u00e4fer haben vor allem den Fichten sehr zugesetzt, viele mussten gef\u00e4llt werden, wie Revierf\u00f6rster Felix Niedermaier berichtete. Er war es auch, der unsere Pflanzaktion fachm\u00e4nnisch begleitete.<\/p>\n\n\n\n<p>Es sind die kleinen Dinge, die wir vor Ort tun k\u00f6nnen, um einen Beitrag zum Klimaschutz und zur Anpassung an den Klimawandel zu leisten. Gesunde W\u00e4lder sind nicht nur Garanten f\u00fcr den Klima-, sondern auch f\u00fcr Natur- und Artenschutz. Unsere Aktion soll in diesem Sinne als Signal und Impuls gesehen werden, achtsam mit der Natur und der gesamten Erde umzugehen. Das Bewusstsein, dass wir Menschen ein Teil der Natur sind und uns verpflichtet f\u00fchlen, sie zu sch\u00fctzen, sollte unser Handeln bestimmen. Ohne Naturschutz gibt es auch keinen Klimaschutz.<\/p>\n\n\n\n<p>Wir haben uns besonders dar\u00fcber gefreut, dass es nicht nur GR\u00dcNE waren, die mitgemacht haben, sondern sich auch einige Familien mit ihren Kindern an unserer Aktion beteiligt haben. Allen Helfern und besonders F\u00f6rster Felix Niedermaier danken wir ganz herzlich f\u00fcr ihr Engagement.<\/p>\n","protected":false},"excerpt":{"rendered":"<p>Letzte Woche Freitag und Samstag pflanzten die Reinheimer GR\u00dcNEN rund 300 kleine Ahorn- und Eichenb\u00e4umchen, um dem arg gebeutelten Wald wieder neue Kraft zu geben. Trockenheit, Sturm und Borkenk\u00e4fer haben [&hellip;]<\/p>\n","protected":false},"author":-1,"featured_media":1736,"comment_status":"open","ping_status":"open","sticky":false,"template":"","format":"standard","meta":{"footnotes":""},"categories":[15],"tags":[],"class_list":["post-1733","post","type-post","status-publish","format-standard","has-post-thumbnail","hentry","category-natur-klima"],"_links":{"self":[{"href":"https:\/\/www.gruene-reinheim.de\/index.php?rest_route=\/wp\/v2\/posts\/1733","targetHints":{"allow":["GET"]}}],"collection":[{"href":"https:\/\/www.gruene-reinheim.de\/index.php?rest_route=\/wp\/v2\/posts"}],"about":[{"href":"https:\/\/www.gruene-reinheim.de\/index.php?rest_route=\/wp\/v2\/types\/post"}],"author":[{"embeddable":true,"href":"https:\/\/www.gruene-reinheim.de\/index.php?rest_route=\/wp\/v2\/users\/3"}],"replies":[{"embeddable":true,"href":"https:\/\/www.gruene-reinheim.de\/index.php?rest_route=%2Fwp%2Fv2%2Fcomments&post=1733"}],"version-history":[{"count":1,"href":"https:\/\/www.gruene-reinheim.de\/index.php?rest_route=\/wp\/v2\/posts\/1733\/revisions"}],"predecessor-version":[{"id":1734,"href":"https:\/\/www.gruene-reinheim.de\/index.php?rest_route=\/wp\/v2\/posts\/1733\/revisions\/1734"}],"wp:featuredmedia":[{"embeddable":true,"href":"https:\/\/www.gruene-reinheim.de\/index.php?rest_route=\/wp\/v2\/media\/1736"}],"wp:attachment":[{"href":"https:\/\/www.gruene-reinheim.de\/index.php?rest_route=%2Fwp%2Fv2%2Fmedia&parent=1733"}],"wp:term":[{"taxonomy":"category","embeddable":true,"href":"https:\/\/www.gruene-reinheim.de\/index.php?rest_route=%2Fwp%2Fv2%2Fcategories&post=1733"},{"taxonomy":"post_tag","embeddable":true,"href":"https:\/\/www.gruene-reinheim.de\/index.php?rest_route=%2Fwp%2Fv2%2Ftags&post=1733"}],"curies":[{"name":"wp","href":"https:\/\/api.w.org\/{rel}","templated":true}]}}