{"id":1718,"date":"2022-03-10T11:14:08","date_gmt":"2022-03-10T10:14:08","guid":{"rendered":"https:\/\/www.gruene-reinheim.de\/?p=1718"},"modified":"2022-03-28T13:00:29","modified_gmt":"2022-03-28T11:00:29","slug":"erklaerung-der-reinheimer-parteien-zum-krieg-in-der-ukraine","status":"publish","type":"post","link":"https:\/\/www.gruene-reinheim.de\/?p=1718","title":{"rendered":"Erkl\u00e4rung der Reinheimer Parteien zum Krieg in der UKRAINE"},"content":{"rendered":"\n<figure class=\"wp-block-image size-large\"><img loading=\"lazy\" decoding=\"async\" width=\"800\" height=\"89\" src=\"https:\/\/www.gruene-reinheim.de\/wp-content\/uploads\/2022\/03\/alle-dkp-800x89.jpg\" alt=\"\" class=\"wp-image-1722\" srcset=\"https:\/\/www.gruene-reinheim.de\/wp-content\/uploads\/2022\/03\/alle-dkp-800x89.jpg 800w, https:\/\/www.gruene-reinheim.de\/wp-content\/uploads\/2022\/03\/alle-dkp-400x45.jpg 400w, https:\/\/www.gruene-reinheim.de\/wp-content\/uploads\/2022\/03\/alle-dkp-768x85.jpg 768w, https:\/\/www.gruene-reinheim.de\/wp-content\/uploads\/2022\/03\/alle-dkp-150x17.jpg 150w, https:\/\/www.gruene-reinheim.de\/wp-content\/uploads\/2022\/03\/alle-dkp.jpg 1042w\" sizes=\"auto, (max-width: 800px) 100vw, 800px\" \/><\/figure>\n\n\n\n<p>Wir verurteilen zutiefst den brutalen Angriff Putins auf die UKRAINE!<br>Mit jedem Tag dieses Krieges sehen wir, wie skrupellos dieser Angriffskrieg gef\u00fchrt wird. Es ist<br>ein Bruch des V\u00f6lkerrechts. Mit der Verurteilung des russischen Einmarsches in die UKRAINE mit<br>einer \u00fcberw\u00e4ltigenden Mehrheit durch die UN-Vollversammlung wird dies unterstrichen.<br>Es ist absolut notwendig, im Einklang mit den europ\u00e4ischen Partnern das<br>Selbstverteidigungsrecht und die Selbstverteidigungskraft der Ukraine zu st\u00e4rken.<br>Mit den vielf\u00e4ltigen harten und scharfen Sanktionen wird Putin klargemacht, dass sein<br>menschenverachtendes Vorgehen bei dem Angriff auf die UKRAINE und damit auf die<br>europ\u00e4ischen Werte der demokratischen Selbstbestimmung nicht hingenommen werden.<br>Wirtschaftliche und politische Konsequenzen sind die Antwort der Weltgemeinschaft.<br>Mit dieser Erkl\u00e4rung stellen sich die Reinheimer Parteien hinter die Menschen in der UKRAINE.<br>Das Leid und die Besorgnis, die Sch\u00e4den und die Kriegsfolgen sind unermesslich.<br>Reinheim sendet hier ein klares Signal der Aufnahmebereitschaft und der humanit\u00e4ren<br>Unterst\u00fctzungen an die Menschen, die aus ihrer Heimat vor Not, Elend und Gewalt fl\u00fcchten<br>m\u00fcssen. Und auch ein Signal der Sympathie an alle diejenigen in Russland, die Putins Krieg<br>unmissverst\u00e4ndlich verurteilen und dagegen aufbegehren.<br>Das ist das Gebot der Stunde!<br>Wir bitten alle Reinheimer B\u00fcrger, die zahlreichen Hilfsaktionen f\u00fcr die UKRAINE zu<br>unterst\u00fctzen.<\/p>\n\n\n\n<p class=\"has-text-align-center has-vivid-cyan-blue-color has-text-color has-medium-font-size\"><strong>Wenn Russland aufh\u00f6rt zu k\u00e4mpfen \u2013 dann gibt es in der UKRAINE keinen Krieg mehr<\/strong> !<\/p>\n\n\n\n<p class=\"has-text-align-center has-luminous-vivid-amber-color has-text-color has-medium-font-size\"><strong>Wenn die Ukraine aufh\u00f6rt zu k\u00e4mpfen \u2013 dann gibt es keine Ukraine mehr !<\/strong><\/p>\n","protected":false},"excerpt":{"rendered":"<p>Wir verurteilen zutiefst den brutalen Angriff Putins auf die UKRAINE!Mit jedem Tag dieses Krieges sehen wir, wie skrupellos dieser Angriffskrieg gef\u00fchrt wird. Es istein Bruch des V\u00f6lkerrechts. Mit der Verurteilung [&hellip;]<\/p>\n","protected":false},"author":-1,"featured_media":1719,"comment_status":"open","ping_status":"open","sticky":false,"template":"","format":"standard","meta":{"footnotes":""},"categories":[1],"tags":[],"class_list":["post-1718","post","type-post","status-publish","format-standard","has-post-thumbnail","hentry","category-uncategorized"],"_links":{"self":[{"href":"https:\/\/www.gruene-reinheim.de\/index.php?rest_route=\/wp\/v2\/posts\/1718","targetHints":{"allow":["GET"]}}],"collection":[{"href":"https:\/\/www.gruene-reinheim.de\/index.php?rest_route=\/wp\/v2\/posts"}],"about":[{"href":"https:\/\/www.gruene-reinheim.de\/index.php?rest_route=\/wp\/v2\/types\/post"}],"author":[{"embeddable":true,"href":"https:\/\/www.gruene-reinheim.de\/index.php?rest_route=\/wp\/v2\/users\/5"}],"replies":[{"embeddable":true,"href":"https:\/\/www.gruene-reinheim.de\/index.php?rest_route=%2Fwp%2Fv2%2Fcomments&post=1718"}],"version-history":[{"count":2,"href":"https:\/\/www.gruene-reinheim.de\/index.php?rest_route=\/wp\/v2\/posts\/1718\/revisions"}],"predecessor-version":[{"id":1723,"href":"https:\/\/www.gruene-reinheim.de\/index.php?rest_route=\/wp\/v2\/posts\/1718\/revisions\/1723"}],"wp:featuredmedia":[{"embeddable":true,"href":"https:\/\/www.gruene-reinheim.de\/index.php?rest_route=\/wp\/v2\/media\/1719"}],"wp:attachment":[{"href":"https:\/\/www.gruene-reinheim.de\/index.php?rest_route=%2Fwp%2Fv2%2Fmedia&parent=1718"}],"wp:term":[{"taxonomy":"category","embeddable":true,"href":"https:\/\/www.gruene-reinheim.de\/index.php?rest_route=%2Fwp%2Fv2%2Fcategories&post=1718"},{"taxonomy":"post_tag","embeddable":true,"href":"https:\/\/www.gruene-reinheim.de\/index.php?rest_route=%2Fwp%2Fv2%2Ftags&post=1718"}],"curies":[{"name":"wp","href":"https:\/\/api.w.org\/{rel}","templated":true}]}}