{"id":1710,"date":"2022-02-24T12:14:42","date_gmt":"2022-02-24T11:14:42","guid":{"rendered":"https:\/\/www.gruene-reinheim.de\/?p=1710"},"modified":"2022-02-24T12:16:31","modified_gmt":"2022-02-24T11:16:31","slug":"solidarisch-durch-die-pandemie-3","status":"publish","type":"post","link":"https:\/\/www.gruene-reinheim.de\/?p=1710","title":{"rendered":"Solidarisch durch die Pandemie"},"content":{"rendered":"\n<p>Zu einer weiteren Mahnwache rufen wir die Reinheimer Bev\u00f6lkerung auf.<\/p>\n\n\n\n<p>Wir treffen uns um 18.00 Uhr an der Ecke Darmst\u00e4dter Stra\u00dfe \/ Am Schwimmbad<\/p>\n","protected":false},"excerpt":{"rendered":"<p>Zu einer weiteren Mahnwache rufen wir die Reinheimer Bev\u00f6lkerung auf. Wir treffen uns um 18.00 Uhr an der Ecke Darmst\u00e4dter Stra\u00dfe \/ Am Schwimmbad<\/p>\n","protected":false},"author":-1,"featured_media":1711,"comment_status":"closed","ping_status":"closed","sticky":false,"template":"","format":"standard","meta":{"footnotes":""},"categories":[14],"tags":[],"class_list":["post-1710","post","type-post","status-publish","format-standard","has-post-thumbnail","hentry","category-corona"],"_links":{"self":[{"href":"https:\/\/www.gruene-reinheim.de\/index.php?rest_route=\/wp\/v2\/posts\/1710","targetHints":{"allow":["GET"]}}],"collection":[{"href":"https:\/\/www.gruene-reinheim.de\/index.php?rest_route=\/wp\/v2\/posts"}],"about":[{"href":"https:\/\/www.gruene-reinheim.de\/index.php?rest_route=\/wp\/v2\/types\/post"}],"author":[{"embeddable":true,"href":"https:\/\/www.gruene-reinheim.de\/index.php?rest_route=\/wp\/v2\/users\/5"}],"replies":[{"embeddable":true,"href":"https:\/\/www.gruene-reinheim.de\/index.php?rest_route=%2Fwp%2Fv2%2Fcomments&post=1710"}],"version-history":[{"count":1,"href":"https:\/\/www.gruene-reinheim.de\/index.php?rest_route=\/wp\/v2\/posts\/1710\/revisions"}],"predecessor-version":[{"id":1712,"href":"https:\/\/www.gruene-reinheim.de\/index.php?rest_route=\/wp\/v2\/posts\/1710\/revisions\/1712"}],"wp:featuredmedia":[{"embeddable":true,"href":"https:\/\/www.gruene-reinheim.de\/index.php?rest_route=\/wp\/v2\/media\/1711"}],"wp:attachment":[{"href":"https:\/\/www.gruene-reinheim.de\/index.php?rest_route=%2Fwp%2Fv2%2Fmedia&parent=1710"}],"wp:term":[{"taxonomy":"category","embeddable":true,"href":"https:\/\/www.gruene-reinheim.de\/index.php?rest_route=%2Fwp%2Fv2%2Fcategories&post=1710"},{"taxonomy":"post_tag","embeddable":true,"href":"https:\/\/www.gruene-reinheim.de\/index.php?rest_route=%2Fwp%2Fv2%2Ftags&post=1710"}],"curies":[{"name":"wp","href":"https:\/\/api.w.org\/{rel}","templated":true}]}}