{"id":1678,"date":"2022-01-26T11:49:46","date_gmt":"2022-01-26T10:49:46","guid":{"rendered":"https:\/\/www.gruene-reinheim.de\/?p=1678"},"modified":"2022-02-03T11:26:32","modified_gmt":"2022-02-03T10:26:32","slug":"gemeinsam-gegen-populismus-und-ignoranz","status":"publish","type":"post","link":"https:\/\/www.gruene-reinheim.de\/?p=1678","title":{"rendered":"Gemeinsam gegen Populismus und Ignoranz"},"content":{"rendered":"\n<p>gemeinsame Erkl\u00e4rung von SPD, CDU, Reinheimer Kreis und B\u00fcndnis90\/Die GR\u00dcNEN<\/p>\n\n\n\n<p><br>Seit zwei Jahren stellt uns die Corona Pandemie vor gro\u00dfen Herausforderungen. Die Einschr\u00e4nkungen<br>des t\u00e4glichen Lebens betreffen jeden. Einzelne Berufsgruppen leiden besonders unter den<br>notwendigen Beschr\u00e4nkungen. Die Pandemie beeintr\u00e4chtigt den Alltag von uns allen und verlangt<br>jedem von uns viel ab. Die demokratisch gew\u00e4hlten Parteien arbeiten mit Hochdruck daran, den<br>bestm\u00f6glichen Weg f\u00fcr alle aus der Pandemie zu gehen, auf Bundes-, Landes-, Kreis- und<br>kommunaler Ebene. Das Ziel aller Akteure ist es, die Wirtschaft, das Gesundheitswesen und die<br>Bildung m\u00f6glichst unbeschadet in unsere Zukunft zu f\u00fchren.<br>In solch einer Zeit seine \u00c4ngste, dem pers\u00f6nlichen \u00c4rger und Frust \u00fcber die Corona<br>Schutzma\u00dfnahmen Luft zu machen und sein Demonstrationsrecht wahrzunehmen, ist Teil unseres<br>demokratischen Diskurses. Daf\u00fcr stehen wir als Vertreter der demokratisch gew\u00e4hlten Parteien ein.<br>Das ist wichtig in einer Demokratie. Das macht Demokratie auch aus. Die Frage ist, in welcher Form<br>die politische Diskussion gef\u00fchrt wird &#8211; Und in welcher Gruppe.<br>W\u00e4hrend die Inzidenzzahlen massiv steigen, nimmt auch die Zahl derer, die sich als Protest gegen die<br>pandemiebedingten Schutzma\u00dfnahmen an den Corona Spazierg\u00e4ngen beteiligen, stetig zu.<br>Neben dem bewussten Ignorieren der Infektionsschutzanordnungen breitet sich unter den<br>\u201eSpazierg\u00e4ngern\u201c antidemokratisches Verhalten rasant aus. Sp\u00e4testens mit rechtsextremistischen<br>Drohungen aus den Reihen der \u201eSpazierg\u00e4nger\u201c gegen\u00fcber Kommunalpolitiker ist die Zeit<br>gekommen, hier Zeichen zu setzen.<br>Wenn man seine Beweggr\u00fcnde, f\u00fcr die man auf die Stra\u00dfe geht, in einer bundesweit organsierten<br>Gruppe kundtut, die mehr und mehr staatsgef\u00e4hrdend und gesundheitsgef\u00e4hrdend unterlaufen wird,<br>ist die Frage, ob diese Gruppe noch die geeignete Form des demokratischen Diskurses ist. Wenn man<br>sich intern distanziert, ist das ein wichtiger Schritt. Wichtig ist dann aber, dass man sich auch<br>\u00f6ffentlich distanziert und eine andere Form des Protestes sucht.<br>Wir wissen nat\u00fcrlich, dass nicht alle Teilnehmenden rechts sind. Dies haben die Parteien auch schon<br>\u00f6ffentlich bekundet. Aber wir rufen dazu auf, die Augen zu \u00f6ffnen und klar zu sehen, MIT WEM man<br>sich in eine Reihe stellt. Am Montag, den 24.01.22 haben wir mit einer Mahnwache darauf<br>aufmerksam gemacht zu unseren demokratischen Grundwerten zu stehen. Die Mahnwache galt dem<br>Zusammenhalt, der Achtsamkeit und Solidarit\u00e4t sowohl vor Ort als auch \u00fcberregional. Zudem galt sie<br>als Gedenken derer, die durch die Pandemie ihr Leben lie\u00dfen und zum Dank all derer, die sich in der<br>Pandemie f\u00fcr andere einsetzen und um derer Leben k\u00e4mpfen.<br><strong>SPD Reinheim<br>CDU Reinheim<br>Reinheimer Kreis<br>B\u00fcndnis 90\/die Gr\u00fcnen<\/strong> <strong>Reinheim<\/strong><\/p>\n","protected":false},"excerpt":{"rendered":"<p>gemeinsame Erkl\u00e4rung von SPD, CDU, Reinheimer Kreis und B\u00fcndnis90\/Die GR\u00dcNEN Seit zwei Jahren stellt uns die Corona Pandemie vor gro\u00dfen Herausforderungen. Die Einschr\u00e4nkungendes t\u00e4glichen Lebens betreffen jeden. Einzelne Berufsgruppen leiden [&hellip;]<\/p>\n","protected":false},"author":-1,"featured_media":0,"comment_status":"open","ping_status":"open","sticky":false,"template":"","format":"standard","meta":{"footnotes":""},"categories":[14],"tags":[],"class_list":["post-1678","post","type-post","status-publish","format-standard","hentry","category-corona"],"_links":{"self":[{"href":"https:\/\/www.gruene-reinheim.de\/index.php?rest_route=\/wp\/v2\/posts\/1678","targetHints":{"allow":["GET"]}}],"collection":[{"href":"https:\/\/www.gruene-reinheim.de\/index.php?rest_route=\/wp\/v2\/posts"}],"about":[{"href":"https:\/\/www.gruene-reinheim.de\/index.php?rest_route=\/wp\/v2\/types\/post"}],"author":[{"embeddable":true,"href":"https:\/\/www.gruene-reinheim.de\/index.php?rest_route=\/wp\/v2\/users\/3"}],"replies":[{"embeddable":true,"href":"https:\/\/www.gruene-reinheim.de\/index.php?rest_route=%2Fwp%2Fv2%2Fcomments&post=1678"}],"version-history":[{"count":2,"href":"https:\/\/www.gruene-reinheim.de\/index.php?rest_route=\/wp\/v2\/posts\/1678\/revisions"}],"predecessor-version":[{"id":1681,"href":"https:\/\/www.gruene-reinheim.de\/index.php?rest_route=\/wp\/v2\/posts\/1678\/revisions\/1681"}],"wp:attachment":[{"href":"https:\/\/www.gruene-reinheim.de\/index.php?rest_route=%2Fwp%2Fv2%2Fmedia&parent=1678"}],"wp:term":[{"taxonomy":"category","embeddable":true,"href":"https:\/\/www.gruene-reinheim.de\/index.php?rest_route=%2Fwp%2Fv2%2Fcategories&post=1678"},{"taxonomy":"post_tag","embeddable":true,"href":"https:\/\/www.gruene-reinheim.de\/index.php?rest_route=%2Fwp%2Fv2%2Ftags&post=1678"}],"curies":[{"name":"wp","href":"https:\/\/api.w.org\/{rel}","templated":true}]}}