{"id":1603,"date":"2021-11-24T08:39:39","date_gmt":"2021-11-24T07:39:39","guid":{"rendered":"https:\/\/www.gruene-reinheim.de\/?p=1603"},"modified":"2022-02-03T11:27:12","modified_gmt":"2022-02-03T10:27:12","slug":"klausurtagung-der-gruenen","status":"publish","type":"post","link":"https:\/\/www.gruene-reinheim.de\/?p=1603","title":{"rendered":"Klausurtagung der GR\u00dcNEN"},"content":{"rendered":"\n<p><\/p>\n\n\n\n<p>Wie jedes Jahr trafen sich die GR\u00dcNEN auch in diesem Jahr wieder zur Klausurtagung. Politische Positionen, Aktionen und nat\u00fcrlich der Haushaltsplan f\u00fcr das kommende Jahr 2022 standen auf der Tagesordnung des 2-t\u00e4gigen Treffens.<\/p>\n\n\n\n<p>Das Thema \u201eKlima\u201c bestimmte die Diskussion nat\u00fcrlich in besonderer Weise. Selbstverst\u00e4ndlich m\u00fcssen wir auf die finanzielle Situation der Stadt R\u00fccksicht nehmen, wenn wir Haushaltsantr\u00e4ge stellen. Notwendige Schritte d\u00fcrfen deswegen aber nicht unterbleiben, wenn wir unseren Beitrag zur Klimaneutralit\u00e4t auf kommunaler Ebene leisten wollen. So sind die GR\u00dcNEN der \u00dcberzeugung, dass eine Stadt wie Reinheim nicht ohne eine wirksames Klimamanagement auskommt und das wird nur mit einem Klimabeauftragten gehen, der mit entsprechenden Kompetenzen ausgestattet ist. Er sollte in verantwortlicher Position einer Stabsstelle angeh\u00f6ren, die Auswirkungen aller Entscheidungen der st\u00e4dtischen Gremien auf Klima, Umwelt und Natur \u00fcberpr\u00fcft und selbst aktiv Vorschl\u00e4ge macht, um Klimaneutralit\u00e4t auf kommunaler Ebene zu erreichen. Energieeinsparung und -gewinnung bei st\u00e4dtischen Geb\u00e4uden und Liegenschaften geh\u00f6ren ebenso dazu, wie Ma\u00dfnahmen in den Bereichen Verkehrs- und Mobilit\u00e4tswende. Wir sind zum Beispiel der Meinung, dass kein zus\u00e4tzliches Auto f\u00fcr das Ordnungsamt n\u00f6tig ist, wie im vorgelegten Haushaltsplan der Stadt f\u00fcr 2022 vorgesehen. Als weiteres Fahrzeug f\u00fcr das Amt kann ein entsprechend ausgestattetes Lastenrad angeschafft und f\u00fcr die Kontrolle des ruhenden Verkehrs durch den Ordnungspolizisten eingesetzt werden. Sogar in gr\u00f6\u00dferen St\u00e4dten sieht man zunehmend fahrradfahrende Polizist*innen im Einsatz, warum nicht in Reinheim? Einen entsprechenden Antrag haben wir gestellt.<\/p>\n\n\n\n<p>Das Shared-Space Projekt, geplant zun\u00e4chst f\u00fcr die obere Darmst\u00e4dter Stra\u00dfe, ist coronabedingt leider ins Stocken geraten. Wir hoffen aber, dass es nicht stillgelegt ist. Auch das ist unter dem Aspekt Verkehrs- und Mobilit\u00e4tswende zu sehen und weiter zu entwickeln.<\/p>\n\n\n\n<p>Die Aufgaben eines Klimamanagers sind dar\u00fcber hinaus in den Bereichen Stadt\u00f6kologie\/Bauen, Agrar-\/Ern\u00e4hrungs-\/Konsumwende angesiedelt, weil die Kommunen wie auch Reinheim zunehmend die Aufgabe haben werden mit \u00f6ffentlichen Investitionen, Einrichtungen und Projekten Vorbild f\u00fcr die B\u00fcrger zu sein. Das gilt auch f\u00fcr die Installation weiterer Photovoltaikanlagen auf st\u00e4dtischen Geb\u00e4uden, wie die GR\u00dcNEN das f\u00fcr Haushaltsplanung 2022 fordern.<\/p>\n\n\n\n<p>Ein strategischer Masterplan ist also notwendig. Daf\u00fcr brauchen wir ihn, den Klimamanager in Reinheim. Ro\u00dfdorf , Dieburg und viele andere Kommunen sind den Schritt, einen kommunalen Klimamanager einzustellen, schon gegangen und haben daf\u00fcr vom Land Hessen F\u00f6rdergelder in H\u00f6he von 65% der Personalkosten f\u00fcr 3-5 Jahre erhalten.<\/p>\n","protected":false},"excerpt":{"rendered":"<p>Wie jedes Jahr trafen sich die GR\u00dcNEN auch in diesem Jahr wieder zur Klausurtagung. Politische Positionen, Aktionen und nat\u00fcrlich der Haushaltsplan f\u00fcr das kommende Jahr 2022 standen auf der Tagesordnung [&hellip;]<\/p>\n","protected":false},"author":-1,"featured_media":0,"comment_status":"open","ping_status":"open","sticky":false,"template":"","format":"standard","meta":{"footnotes":""},"categories":[11],"tags":[],"class_list":["post-1603","post","type-post","status-publish","format-standard","hentry","category-parlament"],"_links":{"self":[{"href":"https:\/\/www.gruene-reinheim.de\/index.php?rest_route=\/wp\/v2\/posts\/1603","targetHints":{"allow":["GET"]}}],"collection":[{"href":"https:\/\/www.gruene-reinheim.de\/index.php?rest_route=\/wp\/v2\/posts"}],"about":[{"href":"https:\/\/www.gruene-reinheim.de\/index.php?rest_route=\/wp\/v2\/types\/post"}],"author":[{"embeddable":true,"href":"https:\/\/www.gruene-reinheim.de\/index.php?rest_route=\/wp\/v2\/users\/3"}],"replies":[{"embeddable":true,"href":"https:\/\/www.gruene-reinheim.de\/index.php?rest_route=%2Fwp%2Fv2%2Fcomments&post=1603"}],"version-history":[{"count":1,"href":"https:\/\/www.gruene-reinheim.de\/index.php?rest_route=\/wp\/v2\/posts\/1603\/revisions"}],"predecessor-version":[{"id":1604,"href":"https:\/\/www.gruene-reinheim.de\/index.php?rest_route=\/wp\/v2\/posts\/1603\/revisions\/1604"}],"wp:attachment":[{"href":"https:\/\/www.gruene-reinheim.de\/index.php?rest_route=%2Fwp%2Fv2%2Fmedia&parent=1603"}],"wp:term":[{"taxonomy":"category","embeddable":true,"href":"https:\/\/www.gruene-reinheim.de\/index.php?rest_route=%2Fwp%2Fv2%2Fcategories&post=1603"},{"taxonomy":"post_tag","embeddable":true,"href":"https:\/\/www.gruene-reinheim.de\/index.php?rest_route=%2Fwp%2Fv2%2Ftags&post=1603"}],"curies":[{"name":"wp","href":"https:\/\/api.w.org\/{rel}","templated":true}]}}