{"id":1548,"date":"2021-09-10T10:04:37","date_gmt":"2021-09-10T08:04:37","guid":{"rendered":"https:\/\/www.gruene-reinheim.de\/?p=1548"},"modified":"2022-02-03T11:28:07","modified_gmt":"2022-02-03T10:28:07","slug":"wir-raten-rad-zu-fahren","status":"publish","type":"post","link":"https:\/\/www.gruene-reinheim.de\/?p=1548","title":{"rendered":"Wir raten Rad zu fahren"},"content":{"rendered":"\n<p>Im Lauf des Sommers sind viele Menschen auf den Geschmack gekommen. Radfahren macht Spass, ist gut f\u00fcr Gesundheit und Umwelt. Die Stadt hat auf Antrag der Gr\u00fcnen schon ein E-Bike f\u00fcr die Verwaltung angeschafft. Das sollte einerseits die Angestellten animieren, Rad statt PKW zu benutzen, andererseits hat es auch Vorbildfunktion f\u00fcr alle B\u00fcrger. Offensichtlich sind die Reinheimer aber schon selbst auf die Idee gekommen, mehr Rad zu fahren. Man h\u00f6rt, dass die Fahrradh\u00e4ndler kaum mit der Lieferung von R\u00e4dern nachkommen.<\/p>\n\n\n\n<p>Das Fahrrad als Verkehrsmittel, auch als Transportmittel ist deswegen auch Teil einer nachhaltigen Verkehrswende. Mehr Fahrr\u00e4der bedeuten auch weniger Autos, weniger umweltsch\u00e4dliche Abgase, weniger Verkehrsbelastung. Hier k\u00f6nnen auch vor Ort durch das Verhalten der Menschen, durch unser aller Verhalten, Weichen gestellt werden. Anders sieht es aus beim LKW-Verkehr, den wir durch unser individuelles Verhalten nur indirekt beeinflussen k\u00f6nnen. Nicht nur Reinheim leidet darunter. \u00dcberall sind die Brummis nicht gern gesehen, obwohl viele Menschen davon profitieren, dass Waren schnell und einigerma\u00dfen sicher geliefert werden. Einfache L\u00f6sungen wird es nicht geben, LKWs aus den Ortsdurchfahrten, auch aus Reinheim, fernzuhalten. Keine L\u00f6sung ist aus unserer Sicht der Bau neuer Stra\u00dfen, insbesondere wenn sensible Naturr\u00e4ume dadurch zerst\u00f6rt werden. Eine nachhaltige Verkehrswende muss Natur- und Umweltschutz ber\u00fccksichtigen, um die allenthalben angestrebten Klimaziele zu erreichen. Daf\u00fcr stehen die GR\u00dcNEN hier und \u00fcberall. Es ist sicher einfach, die Belastung der Menschen in den Mittelpunkt zu stellen und andere Ziele zu opfern. Aber was wir Natur und Umwelt antun, tun wir uns Menschen selbst an. Deshalb darf es um keinen Preis eine neue Umgehungsstra\u00dfe in Reinheim geben. Wir Reinheimer GR\u00dcNE lehnen deshalb eine von SPD\/CDU vorgesehene Vorfinanzierung und m\u00f6gliche Planung einer Umgehungsstra\u00dfe Ost ab. Fast alle Parteien reden inzwischen von der Rettung der Erde und vom Klimaschutz. Kaum eine ist aber bereit, die Konsequenzen zu tragen, n\u00e4mlich das zerst\u00f6rerische Verhalten von uns Menschen infrage zu stellen und damit die Verantwortung f\u00fcr die Erde als unsere Heimat zu \u00fcbernehmen. Auch wenn das f\u00fcr viele Menschen unbequem sein mag, einen Wandel kann es nur geben, wenn wir unser aller Verhalten \u00fcberdenken und L\u00f6sungen finden, die ein gutes Leben in einer gesunden Umwelt auch in Zukunft gew\u00e4hrleistet.<\/p>\n\n\n\n<p><strong>Deshalb unser Appell an alle Menschen: fangt an der Basis mit der Verkehrswende an, lasst das Auto m\u00f6glichst zuhause, geht zu Fu\u00df, fahrt mit dem Rad wenn es irgendwie m\u00f6glich ist.<\/strong><\/p>\n\n\n\n<p><strong>Macht mit beim Stadtradeln, am Besten bei \u201eBesser Radfahren GR\u00dcNE Reinheim\u201c. kommt zum Klimastreik am 24.9.21. H\u00f6rt euch an, was Tarek Al-Wazir, unser GR\u00dcNER Verkehrsminister zum Thema \u201eVerkehrswende\u201c zu sagen hat. Er ist am 14.9. ab 18:00 im \u201eK\u00fchlen Grund\u201c in Reinheim.<\/strong><\/p>\n","protected":false},"excerpt":{"rendered":"<p>Im Lauf des Sommers sind viele Menschen auf den Geschmack gekommen. Radfahren macht Spass, ist gut f\u00fcr Gesundheit und Umwelt. Die Stadt hat auf Antrag der Gr\u00fcnen schon ein E-Bike [&hellip;]<\/p>\n","protected":false},"author":-1,"featured_media":0,"comment_status":"open","ping_status":"open","sticky":false,"template":"","format":"standard","meta":{"footnotes":""},"categories":[15,12],"tags":[],"class_list":["post-1548","post","type-post","status-publish","format-standard","hentry","category-natur-klima","category-verkehr"],"_links":{"self":[{"href":"https:\/\/www.gruene-reinheim.de\/index.php?rest_route=\/wp\/v2\/posts\/1548","targetHints":{"allow":["GET"]}}],"collection":[{"href":"https:\/\/www.gruene-reinheim.de\/index.php?rest_route=\/wp\/v2\/posts"}],"about":[{"href":"https:\/\/www.gruene-reinheim.de\/index.php?rest_route=\/wp\/v2\/types\/post"}],"author":[{"embeddable":true,"href":"https:\/\/www.gruene-reinheim.de\/index.php?rest_route=\/wp\/v2\/users\/3"}],"replies":[{"embeddable":true,"href":"https:\/\/www.gruene-reinheim.de\/index.php?rest_route=%2Fwp%2Fv2%2Fcomments&post=1548"}],"version-history":[{"count":2,"href":"https:\/\/www.gruene-reinheim.de\/index.php?rest_route=\/wp\/v2\/posts\/1548\/revisions"}],"predecessor-version":[{"id":1690,"href":"https:\/\/www.gruene-reinheim.de\/index.php?rest_route=\/wp\/v2\/posts\/1548\/revisions\/1690"}],"wp:attachment":[{"href":"https:\/\/www.gruene-reinheim.de\/index.php?rest_route=%2Fwp%2Fv2%2Fmedia&parent=1548"}],"wp:term":[{"taxonomy":"category","embeddable":true,"href":"https:\/\/www.gruene-reinheim.de\/index.php?rest_route=%2Fwp%2Fv2%2Fcategories&post=1548"},{"taxonomy":"post_tag","embeddable":true,"href":"https:\/\/www.gruene-reinheim.de\/index.php?rest_route=%2Fwp%2Fv2%2Ftags&post=1548"}],"curies":[{"name":"wp","href":"https:\/\/api.w.org\/{rel}","templated":true}]}}