{"id":1357,"date":"2021-05-19T07:13:34","date_gmt":"2021-05-19T05:13:34","guid":{"rendered":"https:\/\/www.gruene-reinheim.de\/?p=1357"},"modified":"2021-05-21T21:51:30","modified_gmt":"2021-05-21T19:51:30","slug":"wir-trauern-um-unseren-parteifreund-eberhard-schreiber","status":"publish","type":"post","link":"https:\/\/www.gruene-reinheim.de\/?p=1357","title":{"rendered":"Wir trauern um unseren Parteifreund Eberhard Schreiber."},"content":{"rendered":"\n<p><\/p>\n\n\n\n<p>F\u00fcr die meisten von uns war er mehr als ein Parteifreund. Er war ein wirklicher Freund, auf den man sich verlassen konnte. Als Ratgeber oder Berater hatte er immer ein offenes Ohr f\u00fcr unsere Fragen und Probleme. Sein Wissen \u00fcber gr\u00fcne Politik, kommunalpolitische Zusammenh\u00e4nge und besonders kommunales Haushaltsrecht war fast unersch\u00f6pflich. Mehr als 30 Jahre im Magistrat der Stadt Reinheim haben ihn gepr\u00e4gt. Politisch hat er sich oft pragmatisch am Machbaren orientiert, die gr\u00fcnen Ziele und Ideale dabei aber nicht aus den Augen verloren und immer im Blick gehabt, um was es geht, n\u00e4mlich die Welt ein bisschen besser und gr\u00fcner zu machen. Natur- Umweltschutz und Klima waren die wichtigsten Themen auch f\u00fcr ihn. Seit Jahrzehnten hat er seine Kraft und sein Engagement den Gr\u00fcnen und der Politik gewidmet. Vielleicht hat das zuletzt seine Kr\u00e4fte zu sehr \u00fcberfordert. Auch wenn Eberhard politischen Auseinandersetzungen nicht aus dem Weg gegangen ist und kontrovers in der Sache diskutieren konnte, ist er seinem Gegen\u00fcber immer mit Respekt und Wertsch\u00e4tzung begegnet. Das haben nicht nur wir von den Gr\u00fcnen, sondern auch politisch Andersdenkende in anderen Parteien so gesehen, deren Respekt er sich verdient hat.<\/p>\n\n\n\n<p>Lieber Eberhard, du wirst uns fehlen, aber auch immer bei uns sein, wenn wir zusammensitzen und diskutieren, wenn wir uns streiten, wenn wir Spa\u00df zusammen haben und feiern.<\/p>\n\n\n\n<p>Wir vermissen dich sehr und k\u00f6nnen es uns schon jetzt nicht vorstellen, dass dein Platz in unserer Mitte f\u00fcr immer leer bleiben wird.<\/p>\n\n\n\n<figure class=\"wp-block-image size-large\"><img loading=\"lazy\" decoding=\"async\" width=\"800\" height=\"535\" src=\"https:\/\/www.gruene-reinheim.de\/wp-content\/uploads\/2021\/05\/DSC00660-800x535.jpg\" alt=\"\" class=\"wp-image-1359\" srcset=\"https:\/\/www.gruene-reinheim.de\/wp-content\/uploads\/2021\/05\/DSC00660-800x535.jpg 800w, https:\/\/www.gruene-reinheim.de\/wp-content\/uploads\/2021\/05\/DSC00660-400x268.jpg 400w, https:\/\/www.gruene-reinheim.de\/wp-content\/uploads\/2021\/05\/DSC00660-768x514.jpg 768w, https:\/\/www.gruene-reinheim.de\/wp-content\/uploads\/2021\/05\/DSC00660-600x400.jpg 600w, https:\/\/www.gruene-reinheim.de\/wp-content\/uploads\/2021\/05\/DSC00660-150x100.jpg 150w, https:\/\/www.gruene-reinheim.de\/wp-content\/uploads\/2021\/05\/DSC00660.jpg 1500w\" sizes=\"auto, (max-width: 800px) 100vw, 800px\" \/><figcaption>Eberhard erkl\u00e4rt uns den j\u00e4hrlichen Haushalt der Stadt<\/figcaption><\/figure>\n","protected":false},"excerpt":{"rendered":"<p>F\u00fcr die meisten von uns war er mehr als ein Parteifreund. Er war ein wirklicher Freund, auf den man sich verlassen konnte. Als Ratgeber oder Berater hatte er immer ein [&hellip;]<\/p>\n","protected":false},"author":-1,"featured_media":1361,"comment_status":"open","ping_status":"open","sticky":false,"template":"","format":"standard","meta":{"footnotes":""},"categories":[1],"tags":[],"class_list":["post-1357","post","type-post","status-publish","format-standard","has-post-thumbnail","hentry","category-uncategorized"],"_links":{"self":[{"href":"https:\/\/www.gruene-reinheim.de\/index.php?rest_route=\/wp\/v2\/posts\/1357","targetHints":{"allow":["GET"]}}],"collection":[{"href":"https:\/\/www.gruene-reinheim.de\/index.php?rest_route=\/wp\/v2\/posts"}],"about":[{"href":"https:\/\/www.gruene-reinheim.de\/index.php?rest_route=\/wp\/v2\/types\/post"}],"author":[{"embeddable":true,"href":"https:\/\/www.gruene-reinheim.de\/index.php?rest_route=\/wp\/v2\/users\/2"}],"replies":[{"embeddable":true,"href":"https:\/\/www.gruene-reinheim.de\/index.php?rest_route=%2Fwp%2Fv2%2Fcomments&post=1357"}],"version-history":[{"count":2,"href":"https:\/\/www.gruene-reinheim.de\/index.php?rest_route=\/wp\/v2\/posts\/1357\/revisions"}],"predecessor-version":[{"id":1363,"href":"https:\/\/www.gruene-reinheim.de\/index.php?rest_route=\/wp\/v2\/posts\/1357\/revisions\/1363"}],"wp:featuredmedia":[{"embeddable":true,"href":"https:\/\/www.gruene-reinheim.de\/index.php?rest_route=\/wp\/v2\/media\/1361"}],"wp:attachment":[{"href":"https:\/\/www.gruene-reinheim.de\/index.php?rest_route=%2Fwp%2Fv2%2Fmedia&parent=1357"}],"wp:term":[{"taxonomy":"category","embeddable":true,"href":"https:\/\/www.gruene-reinheim.de\/index.php?rest_route=%2Fwp%2Fv2%2Fcategories&post=1357"},{"taxonomy":"post_tag","embeddable":true,"href":"https:\/\/www.gruene-reinheim.de\/index.php?rest_route=%2Fwp%2Fv2%2Ftags&post=1357"}],"curies":[{"name":"wp","href":"https:\/\/api.w.org\/{rel}","templated":true}]}}