{"id":1348,"date":"2021-05-10T12:28:12","date_gmt":"2021-05-10T10:28:12","guid":{"rendered":"https:\/\/www.gruene-reinheim.de\/?p=1348"},"modified":"2026-02-17T12:01:54","modified_gmt":"2026-02-17T11:01:54","slug":"robert-ahrnt-landrat-fuer-darmstadt-dieburg","status":"publish","type":"post","link":"https:\/\/www.gruene-reinheim.de\/?p=1348","title":{"rendered":"Robert Ahrnt &#8211; Landrat f\u00fcr Darmstadt-Dieburg"},"content":{"rendered":"\n<p>Wir Reinheimer GR\u00dcNE w\u00fcnschen uns einen Landrat, der eine konsequente Umwelt-, Natur- und Klimapolitik verfolgt, der f\u00fcr eine nachhaltige Verkehrswende und eine solidarische Gesellschaft steht, der Schul- und Bildungspolitik weiter voranbringt. <\/p>\n\n\n\n<p><strong>Robert Ahrnt ist der Richtige f\u00fcr Darmstadt-Dieburg.<\/strong><\/p>\n\n\n\n<p>N\u00e4heres zu Robert Ahrnt und seiner Kandidatur <a rel=\"noreferrer noopener\" href=\"https:\/\/robertahrnt.de\/\" target=\"_blank\"><strong>hier<\/strong><\/a>.<\/p>\n\n\n\n<p><\/p>\n","protected":false},"excerpt":{"rendered":"<p>Wir Reinheimer GR\u00dcNE w\u00fcnschen uns einen Landrat, der eine konsequente Umwelt-, Natur- und Klimapolitik verfolgt, der f\u00fcr eine nachhaltige Verkehrswende und eine solidarische Gesellschaft steht, der Schul- und Bildungspolitik weiter [&hellip;]<\/p>\n","protected":false},"author":-1,"featured_media":1355,"comment_status":"closed","ping_status":"open","sticky":false,"template":"","format":"standard","meta":{"footnotes":""},"categories":[19],"tags":[],"class_list":["post-1348","post","type-post","status-publish","format-standard","has-post-thumbnail","hentry","category-landratswahl"],"_links":{"self":[{"href":"https:\/\/www.gruene-reinheim.de\/index.php?rest_route=\/wp\/v2\/posts\/1348","targetHints":{"allow":["GET"]}}],"collection":[{"href":"https:\/\/www.gruene-reinheim.de\/index.php?rest_route=\/wp\/v2\/posts"}],"about":[{"href":"https:\/\/www.gruene-reinheim.de\/index.php?rest_route=\/wp\/v2\/types\/post"}],"author":[{"embeddable":true,"href":"https:\/\/www.gruene-reinheim.de\/index.php?rest_route=\/wp\/v2\/users\/3"}],"replies":[{"embeddable":true,"href":"https:\/\/www.gruene-reinheim.de\/index.php?rest_route=%2Fwp%2Fv2%2Fcomments&post=1348"}],"version-history":[{"count":5,"href":"https:\/\/www.gruene-reinheim.de\/index.php?rest_route=\/wp\/v2\/posts\/1348\/revisions"}],"predecessor-version":[{"id":2726,"href":"https:\/\/www.gruene-reinheim.de\/index.php?rest_route=\/wp\/v2\/posts\/1348\/revisions\/2726"}],"wp:featuredmedia":[{"embeddable":true,"href":"https:\/\/www.gruene-reinheim.de\/index.php?rest_route=\/wp\/v2\/media\/1355"}],"wp:attachment":[{"href":"https:\/\/www.gruene-reinheim.de\/index.php?rest_route=%2Fwp%2Fv2%2Fmedia&parent=1348"}],"wp:term":[{"taxonomy":"category","embeddable":true,"href":"https:\/\/www.gruene-reinheim.de\/index.php?rest_route=%2Fwp%2Fv2%2Fcategories&post=1348"},{"taxonomy":"post_tag","embeddable":true,"href":"https:\/\/www.gruene-reinheim.de\/index.php?rest_route=%2Fwp%2Fv2%2Ftags&post=1348"}],"curies":[{"name":"wp","href":"https:\/\/api.w.org\/{rel}","templated":true}]}}